{"id":87797,"date":"2020-06-04T10:32:05","date_gmt":"2020-06-04T14:32:05","guid":{"rendered":"https:\/\/linitiative.ca\/International\/covid-19-casablanca-settat-fait-son-diagnostic\/"},"modified":"2020-06-04T10:32:05","modified_gmt":"2020-06-04T14:32:05","slug":"covid-19-casablanca-settat-fait-son-diagnostic","status":"publish","type":"post","link":"https:\/\/linitiative.ca\/International\/covid-19-casablanca-settat-fait-son-diagnostic\/","title":{"rendered":"Covid-19\u00a0: Casablanca-Settat fait son diagnostic"},"content":{"rendered":"<p><img decoding=\"async\" class=\"post_layout_5_img\" src=\"http:\/\/aujourdhui.ma\/wp-content\/uploads\/2019\/10\/Casablanca.jpg\" alt=\"Covid-19&#xA0;: Casablanca-Settat fait son diagnostic\"\/><\/p>\n<p><span class=\"c6\"><strong><span class=\"c5\">La r\u00e9gion tient la premi\u00e8re r\u00e9union de son Comit\u00e9 de veille \u00e9conomique r\u00e9gional<\/span><\/strong><\/span><span id=\"more-346702\"\/><\/p>\n<p>Apr\u00e8s une approche nationale, le Comit\u00e9 de veille \u00e9conomique cible son action par r\u00e9gion. Pas moins de quatre territoires ont tenu depuis le d\u00e9but de cette semaine leurs CVE r\u00e9gionaux. Le but \u00e9tant d\u2019\u00e9laborer une feuille de route pour la dynamisation de la vie \u00e9conomique r\u00e9gionale, la promotion de l\u2019esprit de solidarit\u00e9 et l\u2019encouragement de l\u2019investissement cr\u00e9ateur de richesse et d\u2019emploi. A l\u2019instar du Dr\u00e2a Tafilalet, La\u00e2youne-Sakia El Hamra et l\u2019Oriental, Casablanca-Settat a tenu mercredi 3 juin sa premi\u00e8re r\u00e9union de son CVE.<\/p>\n<p>Cette s\u00e9ance de travail, pr\u00e9sid\u00e9e par Said Ahmidouch, wali de la r\u00e9gion, gouverneur de la pr\u00e9fecture de Casablanca, a connu la participation de Mustapha Bakkoury, pr\u00e9sident du Conseil de la r\u00e9gion, Abdelaziz El Omari, pr\u00e9sident du Conseil communal de Casablanca, Chakib Alj, pr\u00e9sident de la Conf\u00e9d\u00e9ration g\u00e9n\u00e9rale des entreprises du Maroc, ainsi que les gouverneurs des provinces et pr\u00e9fectures de la R\u00e9gion, le directeur du Centre r\u00e9gional d\u2019investissement, les directeurs r\u00e9gionaux des services d\u00e9concentr\u00e9s, les pr\u00e9sidents des Chambres professionnelles et des acteurs \u00e9conomiques et sociaux. Les travaux ont permis de mettre en avant les principales orientations de la cr\u00e9ation du CVE r\u00e9gion.<\/p>\n<p>Ces travaux ont pour finalit\u00e9 le diagnostic de la situation \u00e9conomique de la r\u00e9gion de Casablanca-Settat, la mise en place d\u2019un plan d\u2019action et l\u2019identification de mesures prioritaires pour accompagner la reprise des activit\u00e9s \u00e9conomiques \u00e0 l\u2019arr\u00eat.<\/p>\n<p><span class=\"c8\"><strong><a href=\"https:http:\/\/aujourdhui.ma\/wp-content\/uploads\/2020\/06\/Said-Ahmidouch.jpg\"><img loading=\"lazy\" decoding=\"async\" class=\"wp-image-346705 alignleft\" src=\"http:\/\/aujourdhui.ma\/wp-content\/uploads\/2020\/06\/Said-Ahmidouch.jpg\" alt=\"\" width=\"326\" height=\"166\" srcset=\"http:\/\/aujourdhui.ma\/wp-content\/uploads\/2020\/06\/Said-Ahmidouch.jpg 746w, \/\/aujourdhui.ma\/wp-content\/uploads\/2020\/06\/Said-Ahmidouch-300x153.jpg 300w, \/\/aujourdhui.ma\/wp-content\/uploads\/2020\/06\/Said-Ahmidouch-274x140.jpg 274w, \/\/aujourdhui.ma\/wp-content\/uploads\/2020\/06\/Said-Ahmidouch-165x84.jpg 165w, \/\/aujourdhui.ma\/wp-content\/uploads\/2020\/06\/Said-Ahmidouch-702x358.jpg 702w\" sizes=\"auto, (max-width: 326px) 100vw, 326px\"\/><\/a>Ahmidouch : <span class=\"c7\">Le CVE r\u00e9gional, un m\u00e9canisme de diagnostic<\/span><\/strong><\/span><\/p>\n<p>Intervenant dans ce sens, Said Ahmidouch a expliqu\u00e9 le contexte g\u00e9n\u00e9ral sous-tendant la mise en place du CVE r\u00e9gional \u00aben tant que m\u00e9canisme pour le diagnostic de la situation \u00e9conomique dans la r\u00e9gion, d\u2019une part, et l\u2019\u00e9laboration d\u2019un plan d\u2019action pour accompagner la relance de l\u2019activit\u00e9 au plan local, d\u2019autre part\u00bb, tout en mettant en avant \u00abson r\u00f4le de force de proposition devant pr\u00e9senter au CVE national des recommandations int\u00e9ressant la r\u00e9gion\u00bb. Le wali de la r\u00e9gion a incit\u00e9 l\u2019ensemble des acteurs professionnels \u00e0 mettre en \u0153uvre les mesures et les engagements \u00e9manant des autorit\u00e9s publiques, insistant sur la f\u00e9d\u00e9ration des efforts de l\u2019ensemble des intervenants publics et du tissu \u00e9conomique pour assurer la reprise dans la r\u00e9gion et le renouement avec sa dynamique habituelle. Et de rappeler l\u2019importance particuli\u00e8re accord\u00e9e par le Souverain \u00e0 la bonne gestion de l\u2019apr\u00e8s-confinement, au retour de l\u2019activit\u00e9 \u00e9conomique \u00e0 son \u00e9tat d\u2019avant le 20 mars et \u00e0 l\u2019encouragement de l\u2019investissement, de par son r\u00f4le de levier majeur de l\u2019\u00e9dification d\u2019un nouveau mod\u00e8le de d\u00e9veloppement.<\/p>\n<p><strong><span class=\"c8\"><a href=\"https:http:\/\/aujourdhui.ma\/wp-content\/uploads\/2020\/06\/Bakkoury.jpg\"><img loading=\"lazy\" decoding=\"async\" class=\"wp-image-346703 alignleft\" src=\"http:\/\/aujourdhui.ma\/wp-content\/uploads\/2020\/06\/Bakkoury.jpg\" alt=\"\" width=\"326\" height=\"166\" srcset=\"http:\/\/aujourdhui.ma\/wp-content\/uploads\/2020\/06\/Bakkoury.jpg 746w, \/\/aujourdhui.ma\/wp-content\/uploads\/2020\/06\/Bakkoury-300x153.jpg 300w, \/\/aujourdhui.ma\/wp-content\/uploads\/2020\/06\/Bakkoury-274x140.jpg 274w, \/\/aujourdhui.ma\/wp-content\/uploads\/2020\/06\/Bakkoury-165x84.jpg 165w, \/\/aujourdhui.ma\/wp-content\/uploads\/2020\/06\/Bakkoury-702x358.jpg 702w\" sizes=\"auto, (max-width: 326px) 100vw, 326px\"\/><\/a>Bakkoury :<\/span> <span class=\"c7\">Les opportunit\u00e9s de la Covid-19 \u00e0 ne pas n\u00e9gliger<\/span><\/strong><\/p>\n<p>Mustapha Bakkoury a pour sa part mis en relief la capacit\u00e9 du Maroc \u00e0 g\u00e9rer cette crise, tout en mettant en avant les sacrifices consentis par tous les corps de m\u00e9tier qui \u00e9taient en premi\u00e8re ligne de ce combat.<\/p>\n<p>\u00abLe Maroc a fait montre de plusieurs qualit\u00e9s dans la gestion de cette crise, o\u00f9 la priorit\u00e9 a \u00e9t\u00e9 accord\u00e9e \u00e0 l\u2019\u00e9l\u00e9ment humain, sans pour autant n\u00e9gliger l\u2019aspect social et \u00e9conomique\u00bb, souligne-t-il. Et de pr\u00e9ciser qu\u2019\u00abon se trouve aujourd\u2019hui face \u00e0 une situation o\u00f9 il faut faire face aux retomb\u00e9es n\u00e9fastes de cette pand\u00e9mie, sans pour autant n\u00e9gliger les opportunit\u00e9s qui peuvent en d\u00e9couler aux plans \u00e9conomique, industriel et dans d\u2019autres domaines\u00bb.<\/p>\n<p><span class=\"c8\"><strong><a href=\"https:http:\/\/aujourdhui.ma\/wp-content\/uploads\/2020\/06\/Chakib-Alj-CGEM.jpg\"><img loading=\"lazy\" decoding=\"async\" class=\"wp-image-346704 alignleft\" src=\"http:\/\/aujourdhui.ma\/wp-content\/uploads\/2020\/06\/Chakib-Alj-CGEM.jpg\" alt=\"\" width=\"326\" height=\"166\" srcset=\"http:\/\/aujourdhui.ma\/wp-content\/uploads\/2020\/06\/Chakib-Alj-CGEM.jpg 746w, \/\/aujourdhui.ma\/wp-content\/uploads\/2020\/06\/Chakib-Alj-CGEM-300x153.jpg 300w, \/\/aujourdhui.ma\/wp-content\/uploads\/2020\/06\/Chakib-Alj-CGEM-274x140.jpg 274w, \/\/aujourdhui.ma\/wp-content\/uploads\/2020\/06\/Chakib-Alj-CGEM-165x84.jpg 165w, \/\/aujourdhui.ma\/wp-content\/uploads\/2020\/06\/Chakib-Alj-CGEM-702x358.jpg 702w\" sizes=\"auto, (max-width: 326px) 100vw, 326px\"\/><\/a>Chakib Alj\u00a0: <span class=\"c7\">44.000 entreprises impact\u00e9es au niveau de Casablanca-Settat<\/span><\/strong><\/span><\/p>\n<p>Du c\u00f4t\u00e9 du patronat, Chakib Alj a mis l\u2019accent sur les retomb\u00e9es de cette crise sur le tissu entrepreneurial de la r\u00e9gion. Il en ressort que 44.000 unit\u00e9s au niveau de Casablanca-Settat ont \u00e9t\u00e9 contraintes d\u2019arr\u00eater partiellement ou compl\u00e9tement leurs activit\u00e9s des suites du Covid-19. Le pr\u00e9sident de la CGEM a tenu \u00e0 souligner l\u2019imp\u00e9ratif d\u2019apporter une r\u00e9ponse int\u00e9gr\u00e9e et inclusive \u00e0 cet impact.<\/p>\n<p>Il s\u2019est par ailleurs f\u00e9licit\u00e9 de la qualit\u00e9 du partenariat entre la CGEM et les minist\u00e8res de l\u2019int\u00e9rieur et de la sant\u00e9, conform\u00e9ment aux Hautes instructions royales relatives \u00e0 la relance de l\u2019\u00e9conomie nationale dans le strict respect des mesures de pr\u00e9vention et de s\u00e9curit\u00e9. Citons \u00e0 cet effet le d\u00e9ploiement, sous Instructions royales, d\u2019une op\u00e9ration de d\u00e9pistage massif dans le cadre participatif de gestion de la pand\u00e9mie de la Covid-19, et ce dans l\u2019optique de prot\u00e9ger les salari\u00e9s et de limiter la propagation du virus.<\/p>\n<p><strong><span class=\"c8\"><a href=\"https:http:\/\/aujourdhui.ma\/wp-content\/uploads\/2016\/10\/Abdelaziz-El-Omari-maire-de-Casablanca.jpg\"><img loading=\"lazy\" decoding=\"async\" class=\"wp-image-247565 alignleft\" src=\"http:\/\/aujourdhui.ma\/wp-content\/uploads\/2016\/10\/Abdelaziz-El-Omari-maire-de-Casablanca.jpg\" alt=\"\" width=\"323\" height=\"165\" srcset=\"http:\/\/aujourdhui.ma\/wp-content\/uploads\/2016\/10\/Abdelaziz-El-Omari-maire-de-Casablanca.jpg 746w, \/\/aujourdhui.ma\/wp-content\/uploads\/2016\/10\/Abdelaziz-El-Omari-maire-de-Casablanca-300x153.jpg 300w\" sizes=\"auto, (max-width: 323px) 100vw, 323px\"\/><\/a>Omari : <span class=\"c7\">Vers la formulation de propositions concr\u00e8tes<\/span><\/span> <span class=\"c7\">pour relancer l\u2019\u00e9conomie<\/span><\/strong><\/p>\n<p>Pour Abdelaziz El Omari, le Comit\u00e9 de veille \u00e9conomique de la r\u00e9gion devra formuler des propositions concr\u00e8tes pour relancer l\u2019\u00e9conomie. L\u2019objectif \u00e9tant \u00e9galement de mettre en \u0153uvre des mesures appropri\u00e9es et engager un dialogue sur les probl\u00e9matiques de l\u2019ensemble des secteurs.<\/p>\n<p>\u00abApr\u00e8s le succ\u00e8s du Royaume dans sa lutte contre cette pand\u00e9mie, il est n\u00e9cessaire de se concentrer sur le volet \u00e9conomique en proc\u00e9dant tout d\u2019abord \u00e0 l\u2019identification des entreprises qui n\u2019ont pas \u00e9t\u00e9 touch\u00e9es par cette crise, lesquelles devraient poursuivre sur cette m\u00eame lanc\u00e9e et s\u2019orienter vers l\u2019exportation\u00bb, peut-on relever de M. El Omari, en insistant sur l\u2019accompagnement des secteurs les plus sinistr\u00e9s tels que le tourisme et l\u2019artisanat.<\/p>\n<p>Auteur: ALM<br \/>\n<a href=\"https:\/\/aujourdhui.ma\/economie\/covid-19-casablanca-settat-fait-son-diagnostic\">Cliquez ici pour lire l&rsquo;article depuis sa source.<\/a><\/p>\n","protected":false},"excerpt":{"rendered":"<p>La r\u00e9gion tient la premi\u00e8re r\u00e9union de son Comit\u00e9 de veille \u00e9conomique r\u00e9gional Apr\u00e8s une approche nationale, le Comit\u00e9 de veille \u00e9conomique cible son action par r\u00e9gion. Pas moins de quatre territoires ont tenu depuis le d\u00e9but de cette semaine leurs CVE r\u00e9gionaux. Le but \u00e9tant d\u2019\u00e9laborer une feuille de route pour la dynamisation de [&hellip;]<\/p>\n","protected":false},"author":1759,"featured_media":87798,"comment_status":"closed","ping_status":"closed","sticky":false,"template":"","format":"standard","meta":{"fifu_image_url":"","fifu_image_alt":"","footnotes":""},"categories":[73,54],"tags":[],"class_list":["post-87797","post","type-post","status-publish","format-standard","has-post-thumbnail","hentry","category-actualite","category-maroc"],"_links":{"self":[{"href":"https:\/\/linitiative.ca\/International\/wp-json\/wp\/v2\/posts\/87797","targetHints":{"allow":["GET"]}}],"collection":[{"href":"https:\/\/linitiative.ca\/International\/wp-json\/wp\/v2\/posts"}],"about":[{"href":"https:\/\/linitiative.ca\/International\/wp-json\/wp\/v2\/types\/post"}],"author":[{"embeddable":true,"href":"https:\/\/linitiative.ca\/International\/wp-json\/wp\/v2\/users\/1759"}],"replies":[{"embeddable":true,"href":"https:\/\/linitiative.ca\/International\/wp-json\/wp\/v2\/comments?post=87797"}],"version-history":[{"count":0,"href":"https:\/\/linitiative.ca\/International\/wp-json\/wp\/v2\/posts\/87797\/revisions"}],"wp:featuredmedia":[{"embeddable":true,"href":"https:\/\/linitiative.ca\/International\/wp-json\/"}],"wp:attachment":[{"href":"https:\/\/linitiative.ca\/International\/wp-json\/wp\/v2\/media?parent=87797"}],"wp:term":[{"taxonomy":"category","embeddable":true,"href":"https:\/\/linitiative.ca\/International\/wp-json\/wp\/v2\/categories?post=87797"},{"taxonomy":"post_tag","embeddable":true,"href":"https:\/\/linitiative.ca\/International\/wp-json\/wp\/v2\/tags?post=87797"}],"curies":[{"name":"wp","href":"https:\/\/api.w.org\/{rel}","templated":true}]}}