{"id":87799,"date":"2020-06-04T10:51:40","date_gmt":"2020-06-04T14:51:40","guid":{"rendered":"https:\/\/linitiative.ca\/International\/modele-de-developpement-sm-le-roi-accorde-6-mois-supplementaires-a-la-csmd\/"},"modified":"2020-06-04T10:51:40","modified_gmt":"2020-06-04T14:51:40","slug":"modele-de-developpement-sm-le-roi-accorde-6-mois-supplementaires-a-la-csmd","status":"publish","type":"post","link":"https:\/\/linitiative.ca\/International\/modele-de-developpement-sm-le-roi-accorde-6-mois-supplementaires-a-la-csmd\/","title":{"rendered":"Mod\u00e8le de d\u00e9veloppement: SM le Roi accorde 6 mois suppl\u00e9mentaires \u00e0 la CSMD"},"content":{"rendered":"<header>\n<\/header>\n<div class=\"entry-content clearfix\" readability=\"50\"><img decoding=\"async\" class=\"post_layout_5_img\" src=\"http:\/\/aujourdhui.ma\/wp-content\/uploads\/2019\/12\/chakib-Benmoussa-Commission-spe\u0301ciale-sur-le-mode\u0300le-de-de\u0301veloppement-CSMD.jpg\" alt=\"Mod&#xE8;le de d&#xE9;veloppement: SM le Roi accorde 6 mois suppl&#xE9;mentaires &#xE0; la CSMD\"\/><\/p>\n<p><span class=\"c6\"><span class=\"c5\"><strong>Sa Majest\u00e9 le Roi Mohammed VI a accord\u00e9 un d\u00e9lai suppl\u00e9mentaire de six mois \u00e0 la Commission sp\u00e9ciale sur le mod\u00e8le de d\u00e9veloppement (CSMD).<\/strong><\/span><span id=\"more-346707\"\/><\/span><\/p>\n<p>Les travaux de la Commission devront par cons\u00e9quent \u00eatre soumis \u00e0 la Haute Appr\u00e9ciation Royale au plus tard d\u00e9but janvier 2021, indique jeudi un communiqu\u00e9 de la CSMD. Ce d\u00e9lai additionnel a \u00e9t\u00e9 accord\u00e9 par le Souverain en vue de permettre \u00e0 la CSMD d\u2019approfondir les diff\u00e9rents volets du mod\u00e8le de d\u00e9veloppement projet\u00e9 et d\u2019int\u00e9grer dans ses travaux les implications et transformations engendr\u00e9es par la pand\u00e9mie de la Covid-19, ainsi que les enseignements qu\u2019il convient d\u2019en tirer \u00e0 moyen et long termes aussi bien \u00e0 l\u2019\u00e9chelle nationale qu\u2019internationale, ajoute la m\u00eame source.<\/p>\n<p>Par cette prolongation des d\u00e9lais, la Commission, dont la d\u00e9marche participative a \u00e9t\u00e9 fortement perturb\u00e9e par la p\u00e9riode de confinement, pourra reprendre et renforcer son approche de co-construction du mod\u00e8le de d\u00e9veloppement. La CSMD \u00e9largira le processus de consultation et d\u2019\u00e9coute afin de tenir compte au mieux des attentes et propositions des citoyens et des forces vives du pays dans le contexte post-Covid, conclut le communiqu\u00e9.<\/p>\n<\/div>\n<p>Auteur: ALM<br \/>\n<a href=\"https:\/\/aujourdhui.ma\/actualite\/modele-de-developpement-sm-le-roi-accorde-6-mois-supplementaires-a-la-csmd\">Cliquez ici pour lire l&rsquo;article depuis sa source.<\/a><\/p>\n","protected":false},"excerpt":{"rendered":"<p>Sa Majest\u00e9 le Roi Mohammed VI a accord\u00e9 un d\u00e9lai suppl\u00e9mentaire de six mois \u00e0 la Commission sp\u00e9ciale sur le mod\u00e8le de d\u00e9veloppement (CSMD). Les travaux de la Commission devront par cons\u00e9quent \u00eatre soumis \u00e0 la Haute Appr\u00e9ciation Royale au plus tard d\u00e9but janvier 2021, indique jeudi un communiqu\u00e9 de la CSMD. Ce d\u00e9lai additionnel [&hellip;]<\/p>\n","protected":false},"author":1759,"featured_media":87800,"comment_status":"closed","ping_status":"closed","sticky":false,"template":"","format":"standard","meta":{"fifu_image_url":"","fifu_image_alt":"","footnotes":""},"categories":[73,54],"tags":[],"class_list":["post-87799","post","type-post","status-publish","format-standard","has-post-thumbnail","hentry","category-actualite","category-maroc"],"_links":{"self":[{"href":"https:\/\/linitiative.ca\/International\/wp-json\/wp\/v2\/posts\/87799","targetHints":{"allow":["GET"]}}],"collection":[{"href":"https:\/\/linitiative.ca\/International\/wp-json\/wp\/v2\/posts"}],"about":[{"href":"https:\/\/linitiative.ca\/International\/wp-json\/wp\/v2\/types\/post"}],"author":[{"embeddable":true,"href":"https:\/\/linitiative.ca\/International\/wp-json\/wp\/v2\/users\/1759"}],"replies":[{"embeddable":true,"href":"https:\/\/linitiative.ca\/International\/wp-json\/wp\/v2\/comments?post=87799"}],"version-history":[{"count":0,"href":"https:\/\/linitiative.ca\/International\/wp-json\/wp\/v2\/posts\/87799\/revisions"}],"wp:featuredmedia":[{"embeddable":true,"href":"https:\/\/linitiative.ca\/International\/wp-json\/"}],"wp:attachment":[{"href":"https:\/\/linitiative.ca\/International\/wp-json\/wp\/v2\/media?parent=87799"}],"wp:term":[{"taxonomy":"category","embeddable":true,"href":"https:\/\/linitiative.ca\/International\/wp-json\/wp\/v2\/categories?post=87799"},{"taxonomy":"post_tag","embeddable":true,"href":"https:\/\/linitiative.ca\/International\/wp-json\/wp\/v2\/tags?post=87799"}],"curies":[{"name":"wp","href":"https:\/\/api.w.org\/{rel}","templated":true}]}}