{"id":87801,"date":"2020-06-04T10:58:20","date_gmt":"2020-06-04T14:58:20","guid":{"rendered":"https:\/\/linitiative.ca\/International\/la-fondation-mascir-prevoit-la-fabrication-de-10-000-kits-de-diagnostic-de-la-covid-19-avant-fin-juin\/"},"modified":"2020-06-04T10:58:20","modified_gmt":"2020-06-04T14:58:20","slug":"la-fondation-mascir-prevoit-la-fabrication-de-10-000-kits-de-diagnostic-de-la-covid-19-avant-fin-juin","status":"publish","type":"post","link":"https:\/\/linitiative.ca\/International\/la-fondation-mascir-prevoit-la-fabrication-de-10-000-kits-de-diagnostic-de-la-covid-19-avant-fin-juin\/","title":{"rendered":"La Fondation MAScIR pr\u00e9voit la fabrication de 10.000 kits de diagnostic de la Covid-19 avant fin juin"},"content":{"rendered":"<p class=\"has-text-color c2\"><strong>La Fondation MAScIR (Moroccan Foundation for advanced science, innovation and research) pr\u00e9voit la fabrication de 10.000 kits de diagnostic de la Covid-19 avant la fin du mois de juin 2020, a indiqu\u00e9 mercredi \u00e0 Rabat, la directrice g\u00e9n\u00e9rale de la Fondation, Nawal Chraibi.<\/strong><\/p>\n<p>Lors d\u2019un point de presse d\u00e9di\u00e9 \u00e0 la pr\u00e9sentation du premier kit 100% marocain de diagnostic de la Covid-19, con\u00e7u par le centre de Biotechnologie m\u00e9dicale de la Fondation MAScIR, Mme Chraibi a soulign\u00e9 que \u201cd\u00e8s le 12 mars, lorsque l\u2019Organisation mondiale de la sant\u00e9 (OMS) a qualifi\u00e9 la Covid-19 de pand\u00e9mie, notre \u00e9quipe de biotechnologie m\u00e9dicale a pris l\u2019initiative en s\u2019appuyant sur l\u2019expertise cumul\u00e9e ces 10 derni\u00e8res ann\u00e9es pour mettre au point le kit de diagnostic du SARS-COV 2\u201d.<\/p>\n<p>Apr\u00e8s avoir pr\u00e9sent\u00e9 le centre de Biotechnologie m\u00e9dicale, comme \u00e9tant une structure qui h\u00e9berge les travaux de recherches d\u2019une \u00e9quipe depuis une dizaine d\u2019ann\u00e9e autour de deux axes, \u00e0 savoir le d\u00e9veloppement de kits de diagnostic mol\u00e9culaire de certaines maladies infectieuses et canc\u00e9reuses pr\u00e9valentes au Maroc et en Afrique et le d\u00e9veloppement d\u2019une plateforme d\u00e9di\u00e9e aux m\u00e9dicaments biosimilaires, Mme Chraibi a not\u00e9 que ce nouveau kit de diagnostic de la Covid-19 con\u00e7u en un temps record, a \u00e9t\u00e9 \u201creconnu pour sa singularit\u00e9 de part sa composition, ses caract\u00e9ristiques et sa sensibilit\u00e9 apr\u00e8s qu\u2019il ait \u00e9t\u00e9 compar\u00e9 aux kits de routine utilis\u00e9s dans les laboratoires de r\u00e9f\u00e9rence au niveau national\u201d.<\/p>\n<p>A cet effet, la directrice g\u00e9n\u00e9rale a expliqu\u00e9 que \u201cd\u00e8s la validation du kit au niveau de notre laboratoire, celui-ci a fait l\u2019objet d\u2019essais cliniques sur un \u00e9chantillon de 450 patients atteint de la Covid-19\u2033, d\u00e9montrant ainsi une concordance compl\u00e8te ainsi qu\u2019une tr\u00e8s haute performance. Elle a indiqu\u00e9 qu\u2019\u00e0 l\u2019heure actuelle, l\u2019objectif a \u00e9t\u00e9 fix\u00e9 autour de la fabrication de 10.000 kits avant la fin mois de juin 2020, pour ensuite aller vers une production plus cons\u00e9quente qui couvrirait le besoin national en la mati\u00e8re\u201d.<\/p>\n<p>Pour leur part, les chercheurs au centre de Biotechnologie m\u00e9dicale de la Fondation MAScIR et membres de l\u2019\u00e9quipe charg\u00e9e de la conception du kit, les docteurs Abdeladim Moumen, Zineb Qmichou, Imane Abdellaoui Maane, Hassan Ait Benhassou, Hicham El Hadi, et Hassan Sefrioui, ont exprim\u00e9 leur satisfaction quant \u00e0 cette innovation 100% marocaine, avant d\u2019expliquer les \u00e9tapes ayant conduit \u00e0 l\u2019\u00e9laboration du \u201ckit MAScIR SARS-COV 2\u201d.<\/p>\n<p>\u201cCe kit qui a n\u00e9cessit\u00e9 une dur\u00e9e de travail de 2 mois, est pass\u00e9 par trois grandes \u00e9tapes, \u00e0 savoir l\u2019extraction de l\u2019acide ribonucl\u00e9ique (ARN) du virus SARS-COV 2, la transcriptase inverse (reverse transcriptase) ainsi que l\u2019amplification de d\u00e9tection du virus\u201d, ont-ils expliqu\u00e9, ajoutant qu\u2019une fois mis au point, ce test a \u00e9t\u00e9 soumis \u00e0 une s\u00e9rie de processus de validation dans des centres biologiques et virologiques de r\u00e9f\u00e9rence, au niveau national et international parmi lesquels ceux des Forces Arm\u00e9es Royales, de la Gendarmerie Royale ainsi que de l\u2019Institut Pasteur de Paris.<\/p>\n<p>Cr\u00e9\u00e9e en 2007, MAScIR est une fondation marocaine qui a pour objet de promouvoir et de d\u00e9velopper au Maroc des p\u00f4les de recherche et d\u00e9veloppement r\u00e9pondant aux besoins du pays en technologies avanc\u00e9es, notamment dans le secteur de la biologie m\u00e9dicale.<\/p>\n<p>De par sa vocation et son ambition de soutenir activement l\u2019innovation au profit du tissu \u00e9conomique et industriel national et de contribuer ainsi \u00e0 la s\u00e9curit\u00e9 \u00e9nerg\u00e9tique, alimentaire et sanitaire du Maroc, la Fondation MAScIR dispose de ressources humaines qualifi\u00e9es et d\u2019\u00e9quipements \u00e0 la pointe de la technologie, qui lui ont permis, en l\u2019espace de douze ann\u00e9es, de d\u00e9poser 180 brevets avec des extensions au niveau r\u00e9gional africain, produire 650 articles scientifiques dans des revues de renomm\u00e9e internationale et de mener plus d\u2019une centaine de projets et r\u00e9alisations aupr\u00e8s d\u2019industriels nationaux et \u00e9trangers, montrant ainsi sa maturit\u00e9 et ses capacit\u00e9s en mati\u00e8re de recherche scientifique et de recherche appliqu\u00e9e.<\/p>\n<p>Auteur: M&rsquo;hammed rahal<br \/>\n<a href=\"http:\/\/albayane.press.ma\/la-fondation-mascir-prevoit-la-fabrication-de-10-000-kits-de-diagnostic-de-la-covid-19-avant-fin-juin.html\">Cliquez ici pour lire l&rsquo;article depuis sa source.<\/a><\/p>\n","protected":false},"excerpt":{"rendered":"<p>La Fondation MAScIR (Moroccan Foundation for advanced science, innovation and research) pr\u00e9voit la fabrication de 10.000 kits de diagnostic de la Covid-19 avant la fin du mois de juin 2020, a indiqu\u00e9 mercredi \u00e0 Rabat, la directrice g\u00e9n\u00e9rale de la Fondation, Nawal Chraibi. Lors d\u2019un point de presse d\u00e9di\u00e9 \u00e0 la pr\u00e9sentation du premier kit [&hellip;]<\/p>\n","protected":false},"author":1760,"featured_media":0,"comment_status":"closed","ping_status":"closed","sticky":false,"template":"","format":"standard","meta":{"fifu_image_url":"","fifu_image_alt":"","footnotes":""},"categories":[73,54],"tags":[],"class_list":["post-87801","post","type-post","status-publish","format-standard","hentry","category-actualite","category-maroc"],"_links":{"self":[{"href":"https:\/\/linitiative.ca\/International\/wp-json\/wp\/v2\/posts\/87801","targetHints":{"allow":["GET"]}}],"collection":[{"href":"https:\/\/linitiative.ca\/International\/wp-json\/wp\/v2\/posts"}],"about":[{"href":"https:\/\/linitiative.ca\/International\/wp-json\/wp\/v2\/types\/post"}],"author":[{"embeddable":true,"href":"https:\/\/linitiative.ca\/International\/wp-json\/wp\/v2\/users\/1760"}],"replies":[{"embeddable":true,"href":"https:\/\/linitiative.ca\/International\/wp-json\/wp\/v2\/comments?post=87801"}],"version-history":[{"count":0,"href":"https:\/\/linitiative.ca\/International\/wp-json\/wp\/v2\/posts\/87801\/revisions"}],"wp:attachment":[{"href":"https:\/\/linitiative.ca\/International\/wp-json\/wp\/v2\/media?parent=87801"}],"wp:term":[{"taxonomy":"category","embeddable":true,"href":"https:\/\/linitiative.ca\/International\/wp-json\/wp\/v2\/categories?post=87801"},{"taxonomy":"post_tag","embeddable":true,"href":"https:\/\/linitiative.ca\/International\/wp-json\/wp\/v2\/tags?post=87801"}],"curies":[{"name":"wp","href":"https:\/\/api.w.org\/{rel}","templated":true}]}}