{"id":87803,"date":"2020-06-04T11:09:55","date_gmt":"2020-06-04T15:09:55","guid":{"rendered":"https:\/\/linitiative.ca\/International\/ligue-1-yassine-boujouama-signe-son-premier-contrat-pro-avec-bordeaux%ef%bb%bf\/"},"modified":"2020-06-04T11:09:55","modified_gmt":"2020-06-04T15:09:55","slug":"ligue-1-yassine-boujouama-signe-son-premier-contrat-pro-avec-bordeaux%ef%bb%bf","status":"publish","type":"post","link":"https:\/\/linitiative.ca\/International\/ligue-1-yassine-boujouama-signe-son-premier-contrat-pro-avec-bordeaux%ef%bb%bf\/","title":{"rendered":"Ligue 1: Yassine Boujouama signe son premier contrat pro avec Bordeaux\ufeff"},"content":{"rendered":"<p class=\"has-text-color c2\"><strong>Le milieu de terrain franco-marocain Yassine Boujouama a sign\u00e9 son premier contrat professionnel de trois ans avec Bordeaux, ont annonc\u00e9 mercredi les Girondins.<\/strong><\/p>\n<p>Boujouama, qui f\u00eatera ses 19 ans en juillet prochain, avait rejoint le club en 2019 avec un contrat stagiaire en provenance de Tours. Il s\u2019engage avec les Girondins pour les trois prochaines saisons.<\/p>\n<p>\u00abLe FC Girondins de Bordeaux est heureux de vous annoncer la signature du contrat professionnel de Yassine Boujouama\u00bb, \u00e9crit le club sur son site Internet.<\/p>\n<p>Le club met en avant les capacit\u00e9s du jeune joueur d\u2019\u00e9voluer en relayeur comme en meneur de jeu, ainsi que ses \u00abgrosses qualit\u00e9s techniques\u00bb.<\/p>\n<p>\u00abIl aime faire jouer ses co\u00e9quipiers, mais aussi provoquer ou \u00e9liminer, aussi bien par la passe que par le dribble\u00bb, rel\u00e8ve-t-on.<\/p>\n<p>Yassine Boujouama a entrevu le monde professionnel la saison pass\u00e9e en participant \u00e0 des entra\u00eenements avec l\u2019\u00e9quipe premi\u00e8re, sous la houlette de Paulo Sousa.<\/p>\n<p>Ce contrat professionnel est une nouvelle \u00e9tape dans sa jeune carri\u00e8re. Il va pouvoir poursuivre sa progression et travailler pour tenter d\u2019obtenir du temps de jeu, se f\u00e9licite le club, qui se dit \u00abravi de voir Yassine s\u2019installer dans la dur\u00e9e\u00bb avec les Girondins.<\/p>\n<p>Auteur: M&rsquo;hammed rahal<br \/>\n<a href=\"http:\/\/albayane.press.ma\/ligue-1-yassine-boujouama-signe-son-premier-contrat-pro-avec-bordeaux%EF%BB%BF.html\">Cliquez ici pour lire l&rsquo;article depuis sa source.<\/a><\/p>\n","protected":false},"excerpt":{"rendered":"<p>Le milieu de terrain franco-marocain Yassine Boujouama a sign\u00e9 son premier contrat professionnel de trois ans avec Bordeaux, ont annonc\u00e9 mercredi les Girondins. Boujouama, qui f\u00eatera ses 19 ans en juillet prochain, avait rejoint le club en 2019 avec un contrat stagiaire en provenance de Tours. Il s\u2019engage avec les Girondins pour les trois prochaines [&hellip;]<\/p>\n","protected":false},"author":1760,"featured_media":0,"comment_status":"closed","ping_status":"closed","sticky":false,"template":"","format":"standard","meta":{"fifu_image_url":"","fifu_image_alt":"","footnotes":""},"categories":[73,54],"tags":[],"class_list":["post-87803","post","type-post","status-publish","format-standard","hentry","category-actualite","category-maroc"],"_links":{"self":[{"href":"https:\/\/linitiative.ca\/International\/wp-json\/wp\/v2\/posts\/87803","targetHints":{"allow":["GET"]}}],"collection":[{"href":"https:\/\/linitiative.ca\/International\/wp-json\/wp\/v2\/posts"}],"about":[{"href":"https:\/\/linitiative.ca\/International\/wp-json\/wp\/v2\/types\/post"}],"author":[{"embeddable":true,"href":"https:\/\/linitiative.ca\/International\/wp-json\/wp\/v2\/users\/1760"}],"replies":[{"embeddable":true,"href":"https:\/\/linitiative.ca\/International\/wp-json\/wp\/v2\/comments?post=87803"}],"version-history":[{"count":0,"href":"https:\/\/linitiative.ca\/International\/wp-json\/wp\/v2\/posts\/87803\/revisions"}],"wp:attachment":[{"href":"https:\/\/linitiative.ca\/International\/wp-json\/wp\/v2\/media?parent=87803"}],"wp:term":[{"taxonomy":"category","embeddable":true,"href":"https:\/\/linitiative.ca\/International\/wp-json\/wp\/v2\/categories?post=87803"},{"taxonomy":"post_tag","embeddable":true,"href":"https:\/\/linitiative.ca\/International\/wp-json\/wp\/v2\/tags?post=87803"}],"curies":[{"name":"wp","href":"https:\/\/api.w.org\/{rel}","templated":true}]}}