{"id":87804,"date":"2020-06-04T11:17:21","date_gmt":"2020-06-04T15:17:21","guid":{"rendered":"https:\/\/linitiative.ca\/International\/el-otmani-appelle-a-privilegier-la-dimension-territoriale\/"},"modified":"2020-06-04T11:17:21","modified_gmt":"2020-06-04T15:17:21","slug":"el-otmani-appelle-a-privilegier-la-dimension-territoriale","status":"publish","type":"post","link":"https:\/\/linitiative.ca\/International\/el-otmani-appelle-a-privilegier-la-dimension-territoriale\/","title":{"rendered":"El Otmani appelle \u00e0 privil\u00e9gier la dimension territoriale"},"content":{"rendered":"<p class=\"has-text-color has-vivid-red-color c2\"><strong>Strat\u00e9gie nationale de d\u00e9veloppement durable<\/strong><\/p>\n<p class=\"has-text-color c3\"><strong>Le Chef du gouvernement, Saad Dine El Otmani, a appel\u00e9, mercredi \u00e0 Rabat, \u00e0 acc\u00e9l\u00e9rer la cadence de mise en oeuvre de la Strat\u00e9gie nationale de d\u00e9veloppement durable (SNDD), en accordant une attention particuli\u00e8re \u00e0 la dimension territoriale et en veillant \u00e0 la concertation dans l\u2019ex\u00e9cution des programmes et plans sectoriels qui en rel\u00e8vent.<\/strong><\/p>\n<p>S\u2019exprimant \u00e0 l\u2019ouverture des travaux de la Commission nationale du D\u00e9veloppement durable qu\u2019il a pr\u00e9sid\u00e9s en mode pr\u00e9sentiel, M. El Otmani s\u2019est arr\u00eat\u00e9 sur l\u2019importance des dimensions r\u00e9gionale et territoriale dans la mise en oeuvre de la SNDD, conform\u00e9ment au principe de territorialit\u00e9 pr\u00e9vu dans la loi cadre 12-99 concernant la Charte nationale de l\u2019environnement et du d\u00e9veloppement durable, indique un communiqu\u00e9 du d\u00e9partement du Chef du gouvernement.<\/p>\n<p>Au cours de cette r\u00e9union tenue dans le cadre de l\u2019adh\u00e9sion affirm\u00e9e du Royaume du Maroc, sous la sage conduite de SM le Roi Mohammed VI que Dieu L\u2019assiste, \u00e0 une politique pr\u00e9ventive et volontariste visant \u00e0 r\u00e9aliser les objectifs de d\u00e9veloppement durable (ODD), tout en veillant au respect du Maroc de ses engagements ext\u00e9rieurs, M. El Otmani a soulign\u00e9 que les d\u00e9fis qui attendent le Royaume dans la mise en oeuvre de l\u2019agenda onusien, au cours de la prochaine d\u00e9cennie, n\u00e9cessitent plus de coordination, de concertation et d\u2019efficacit\u00e9 dans les programmes, projets et politiques sectoriels, avec une r\u00e9vision des priorit\u00e9s qui tient compte des cons\u00e9quences de la pand\u00e9mie de coronavirus.<\/p>\n<p>Cette r\u00e9union, poursuit le communiqu\u00e9, vient en application des dispositions du d\u00e9cret n\u00b0 2.19.452 paru dans le Bulletin officiel du 29 juin 2019, mais aussi en r\u00e9action aux recommandations de la Cour des comptes contenues dans son rapport sur la pr\u00e9paration du gouvernement \u00e0 mettre en oeuvre les ODD, et sur l\u2019interconnexion entre les programmes et politiques sectoriels avec ces Objectifs.<\/p>\n<p>Dans ce sens, M. El Otmani a soulign\u00e9 que le m\u00e9canisme de gouvernance, adopt\u00e9 conform\u00e9ment au d\u00e9cret pr\u00e9cit\u00e9, a permis de lancer une nouvelle dynamique de mise en oeuvre des ODD, facilitant ainsi l\u2019\u00e9laboration du rapport national volontaire relatif \u00e0 l\u2019ex\u00e9cution de ces objectifs, que le Maroc s\u2019est engag\u00e9 \u00e0 pr\u00e9senter au Forum politique de haut niveau sur le D\u00e9veloppement durable, pr\u00e9vu en juillet prochain sous les auspices du Conseil \u00e9conomique et social des Nations unies, indique la m\u00eame source.<\/p>\n<p>Le Chef du gouvernement a \u00e9galement salu\u00e9 l\u2019approche participative adopt\u00e9e dans la pr\u00e9paration, par le Haut-Commissariat au plan (HCP) en coordination avec tous les secteurs et parties prenantes concern\u00e9s, de ce deuxi\u00e8me rapport national volontaire.<\/p>\n<p>Ce rapport, a expliqu\u00e9 M. El Otmani, met en lumi\u00e8re le niveau de mise en oeuvre des ODD au Maroc, dont certains ont \u00e9t\u00e9 r\u00e9alis\u00e9s avant les d\u00e9lais fix\u00e9s dans l\u2019agenda onusien, comme la lutte contre la faim, la baisse du taux de mortalit\u00e9 maternelle et infantile et l\u2019\u00e9largissement de l\u2019enseignement pr\u00e9scolaire \u00e0 l\u2019horizon de sa g\u00e9n\u00e9ralisation, rel\u00e8ve le communiqu\u00e9.<\/p>\n<p>Le rapport r\u00e9v\u00e8le, en outre, que d\u2019autres ODD sont en cours de r\u00e9alisation \u00e0 l\u2019horizon 2030, en particulier la lutte contre la pauvret\u00e9, l\u2019am\u00e9lioration de la nutrition des enfants de moins de cinq ans et la g\u00e9n\u00e9ralisation de la scolarisation \u00e0 tous les niveaux d\u2019enseignement, notant toutefois que davantage d\u2019efforts sont requis pour atteindre d\u2019autres objectifs comme la valorisation du capital humain, la r\u00e9duction de la pr\u00e9carit\u00e9, des disparit\u00e9s sociales, sectorielles et de l\u2019in\u00e9galit\u00e9 des genres, et la promotion d\u2019une croissance \u00e9conomique cr\u00e9atrice d\u2019emplois d\u00e9cents, notamment en faveur des jeunes et des femmes.<\/p>\n<p>El Otmani, ajoute le communiqu\u00e9, a aussi pass\u00e9 en revue les avanc\u00e9es r\u00e9alis\u00e9es dans la mise en place de la SNDD depuis son adoption au Conseil des ministres du 25 juin 2017, tenu sous la pr\u00e9sidence de SM le Roi Mohammed VI.<\/p>\n<p>\u00c0 cet \u00e9gard, le Chef du gouvernement a tenu \u00e0 rappeler l\u2019adoption du \u00ab\u00a0Pacte de l\u2019exemplarit\u00e9 de l\u2019administration\u00a0\u00bb lors de la r\u00e9union du Comit\u00e9 strat\u00e9gique du d\u00e9veloppement durable du 22 f\u00e9vrier 2019 et la publication de la circulaire du Chef de gouvernement du 30 mai 2019, qui appelle toutes les administrations publiques \u00e0 r\u00e9aliser l\u2019audit environnemental des b\u00e2timents et \u00e0 proposer des plans sectoriels d\u2019ex\u00e9cution dudit pacte.<\/p>\n<p>Cette r\u00e9union a \u00e9t\u00e9 marqu\u00e9e par une pr\u00e9sentation par le ministre de l\u2019Energie, des mines et de l\u2019environnement, Aziz Rebbah, sur le bilan 2019 de la mise en \u0153uvre de la SNDD, ainsi qu\u2019un expos\u00e9 du Haut Commissariat au plan sur rapport national volontaire au sujet des ODD, fait savoir la m\u00eame source.<\/p>\n<p>Elle ajoute que ces expos\u00e9s ont \u00e9t\u00e9 suivis de discussions approfondies par les membres du comit\u00e9, qui ont unanimement salu\u00e9 la qualit\u00e9 des deux expos\u00e9s, et applaudi l\u2019approche participative adopt\u00e9e dans leur pr\u00e9paration. Les membres ont aussi pr\u00e9sent\u00e9 un ensemble d\u2019observations et de propositions, apr\u00e8s adoption des expos\u00e9s par le Comit\u00e9.<\/p>\n<p>Cette r\u00e9union s\u2019est tenue en pr\u00e9sence, notamment, du ministre de la Justice, du ministre de l\u2019\u00c9ducation nationale, de la formation professionnelle, de l\u2019enseignement sup\u00e9rieur et de la Recherche scientifique, porte-parole du gouvernement, de la ministre de l\u2019Am\u00e9nagement du territoire national, de l\u2019urbanisme, de l\u2019habitat et de la politique de la ville, de la ministre du Tourisme, de l\u2019artisanat, du transport a\u00e9rien et de l\u2019\u00e9conomie sociale, du ministre de l\u2019\u00c9nergie, des mines et de l\u2019environnement, du ministre du Travail et de l\u2019insertion professionnelle, du ministre de la Culture, de la jeunesse et des sports, de la ministre de la Solidarit\u00e9, du d\u00e9veloppement social, de l\u2019\u00e9galit\u00e9 et de la famille, et de la ministre d\u00e9l\u00e9gu\u00e9 aupr\u00e8s du ministre des Affaires \u00e9trang\u00e8res, de la coop\u00e9ration africaine et des Marocains r\u00e9sidant \u00e0 l\u2019\u00e9tranger, charg\u00e9e des marocains r\u00e9sidant \u00e0 l\u2019\u00e9tranger.<\/p>\n<p>Ont \u00e9t\u00e9 \u00e9galement pr\u00e9sents, le pr\u00e9sident de l\u2019Association marocaine des pr\u00e9sidents des r\u00e9gions, le pr\u00e9sident directeur g\u00e9n\u00e9ral de l\u2019Agence marocaine pour l\u2019\u00e9nergie durable, le directeur de l\u2019Agence marocaine pour l\u2019efficacit\u00e9 \u00e9nerg\u00e9tique, et de repr\u00e9sentants de la Conf\u00e9d\u00e9ration g\u00e9n\u00e9rale des entreprises du Maroc, du groupement professionnel des banques du Maroc et d\u2019autres membres du Comit\u00e9.<\/p>\n<p class=\"c4\">(MAP)<\/p>\n<p>Auteur: M&rsquo;hammed rahal<br \/>\n<a href=\"http:\/\/albayane.press.ma\/el-otmani-appelle-a-privilegier-la-dimension-territoriale.html\">Cliquez ici pour lire l&rsquo;article depuis sa source.<\/a><\/p>\n","protected":false},"excerpt":{"rendered":"<p>Strat\u00e9gie nationale de d\u00e9veloppement durable Le Chef du gouvernement, Saad Dine El Otmani, a appel\u00e9, mercredi \u00e0 Rabat, \u00e0 acc\u00e9l\u00e9rer la cadence de mise en oeuvre de la Strat\u00e9gie nationale de d\u00e9veloppement durable (SNDD), en accordant une attention particuli\u00e8re \u00e0 la dimension territoriale et en veillant \u00e0 la concertation dans l\u2019ex\u00e9cution des programmes et plans [&hellip;]<\/p>\n","protected":false},"author":1760,"featured_media":0,"comment_status":"closed","ping_status":"closed","sticky":false,"template":"","format":"standard","meta":{"fifu_image_url":"","fifu_image_alt":"","footnotes":""},"categories":[73,54],"tags":[],"class_list":["post-87804","post","type-post","status-publish","format-standard","hentry","category-actualite","category-maroc"],"_links":{"self":[{"href":"https:\/\/linitiative.ca\/International\/wp-json\/wp\/v2\/posts\/87804","targetHints":{"allow":["GET"]}}],"collection":[{"href":"https:\/\/linitiative.ca\/International\/wp-json\/wp\/v2\/posts"}],"about":[{"href":"https:\/\/linitiative.ca\/International\/wp-json\/wp\/v2\/types\/post"}],"author":[{"embeddable":true,"href":"https:\/\/linitiative.ca\/International\/wp-json\/wp\/v2\/users\/1760"}],"replies":[{"embeddable":true,"href":"https:\/\/linitiative.ca\/International\/wp-json\/wp\/v2\/comments?post=87804"}],"version-history":[{"count":0,"href":"https:\/\/linitiative.ca\/International\/wp-json\/wp\/v2\/posts\/87804\/revisions"}],"wp:attachment":[{"href":"https:\/\/linitiative.ca\/International\/wp-json\/wp\/v2\/media?parent=87804"}],"wp:term":[{"taxonomy":"category","embeddable":true,"href":"https:\/\/linitiative.ca\/International\/wp-json\/wp\/v2\/categories?post=87804"},{"taxonomy":"post_tag","embeddable":true,"href":"https:\/\/linitiative.ca\/International\/wp-json\/wp\/v2\/tags?post=87804"}],"curies":[{"name":"wp","href":"https:\/\/api.w.org\/{rel}","templated":true}]}}