{"id":87810,"date":"2020-06-04T13:03:56","date_gmt":"2020-06-04T17:03:56","guid":{"rendered":"https:\/\/linitiative.ca\/International\/le-festival-de-cannes-devoile-une-selection-de-56-films\/"},"modified":"2020-06-04T13:03:56","modified_gmt":"2020-06-04T17:03:56","slug":"le-festival-de-cannes-devoile-une-selection-de-56-films","status":"publish","type":"post","link":"https:\/\/linitiative.ca\/International\/le-festival-de-cannes-devoile-une-selection-de-56-films\/","title":{"rendered":"Le Festival de Cannes d\u00e9voile une s\u00e9lection de 56 films"},"content":{"rendered":"<div readability=\"36\">\n<p class=\"c30\"><strong>PARIS &#8211; Le Festival de Cannes a d\u00e9voil\u00e9 mercredi une liste de 56 films constituant sa \u00ab\u00a0s\u00e9lection officielle\u00a0\u00bb, des \u0153uvres qui b\u00e9n\u00e9ficieront de ce label en l&rsquo;absence de festival cette ann\u00e9e, annul\u00e9 en raison de la pand\u00e9mie de coronavirus.<\/strong><\/p>\n<\/div>\n<div readability=\"73\">\n<p class=\"c30\">Cette s\u00e9lection a \u00e9t\u00e9 d\u00e9voil\u00e9e \u00e0 Paris par le pr\u00e9sident du Festival, Pierre Lescure, et le d\u00e9l\u00e9gu\u00e9 g\u00e9n\u00e9ral, Thierry Fr\u00e9maux, sans que les films ne soient r\u00e9partis comme d&rsquo;habitude en sections telles que la comp\u00e9tition officielle, la plus prestigieuse, ou encore les cat\u00e9gories \u00ab\u00a0hors comp\u00e9tition\u00a0\u00bb ou \u00ab\u00a0s\u00e9ances sp\u00e9ciales\u00a0\u00bb.<\/p>\n<p class=\"c30\">Entre autres films retenus \u00ab\u00a0The French Dispatch\u00a0\u00bb de l&rsquo;Am\u00e9ricain Wes Anderson, \u00ab\u00a0Et\u00e9 85\u00a0\u00bb du Fran\u00e7ais Fran\u00e7ois Ozon, \u00ab\u00a0Lovers Rock\u00a0\u00bb et \u00ab\u00a0Mangrove\u00a0\u00bb du Britannique Steve Mc Queen, ou encore le film franco alg\u00e9rien \u00ab\u00a0ADN\u00a0\u00bb de la r\u00e9alisatrice fran\u00e7aise Ma\u00efwenn Le Besco.<\/p>\n<blockquote readability=\"11\">\n<p class=\"c30\"><em><strong>Des films comme \u00ab\u00a0Passion simples\u00a0\u00bb de la Libanaise Danielle Arbid, \u00ab\u00a0Souad\u00a0\u00bb de l&rsquo;Egyptienne Ayten Amin, \u00ab\u00a0Sweet\u00a0\u00bb du su\u00e9dois Magnus Von Horn et des premi\u00e8res oeuvres comme \u00ab\u00a0Fausse note\u00a0\u00bb de Jimmy Keyrouz (Liban), \u00ab\u00a0Ibrahim\u00a0\u00bb de Samir Guesmi (France) et \u00ab\u00a0Si le vent tombe\u00a0\u00bb de Nora Martirosyan (Arm\u00e9nie) figurent \u00e9galement dans cette s\u00e9lection.<\/strong><\/em><\/p>\n<\/blockquote>\n<p class=\"c30\">Trois films documentaires et quatre films d&rsquo;animation ont aussi \u00e9t\u00e9 retenus pour b\u00e9n\u00e9ficier du label cannois.<\/p>\n<p class=\"c30\">Au total, 2.067 longs m\u00e9trages ont \u00e9t\u00e9 re\u00e7us par le festival cette ann\u00e9e, d\u00e9passant pour la premi\u00e8re fois la barre des 2.000 (apr\u00e8s 1.845 en 2019).<\/p>\n<p class=\"c30\">\u00ab\u00a0Les cin\u00e9astes n&rsquo;ont pas baiss\u00e9 les bras, puisqu&rsquo;ils nous ont envoy\u00e9 2.067 films, qui est un record. Donc eux travaillaient, et c&rsquo;\u00e9tait presque la moindre des choses pour nous que de recevoir ce travail, de voir les films\u00a0\u00bb a soulign\u00e9 Pierre Lescure, pr\u00e9sident du Festival de cannes.<\/p>\n<p class=\"c30\">Initialement pr\u00e9vu du 13 au 23 mai, la 73e \u00e9dition de cet \u00e9v\u00e9nement cin\u00e9matographique d&rsquo;envergure mondiale a \u00e9t\u00e9 annul\u00e9 suite \u00e0 la pand\u00e9mie du coronavirus.<\/p>\n<\/div>\n<p>Auteur:<br \/>\n<a href=\"http:\/\/www.aps.dz\/culture\/105780-le-festival-de-cannes-devoile-une-selection-de-56-films\">Cliquez ici pour lire l&rsquo;article depuis sa source.<\/a><\/p>\n","protected":false},"excerpt":{"rendered":"<p>PARIS &#8211; Le Festival de Cannes a d\u00e9voil\u00e9 mercredi une liste de 56 films constituant sa \u00ab\u00a0s\u00e9lection officielle\u00a0\u00bb, des \u0153uvres qui b\u00e9n\u00e9ficieront de ce label en l&rsquo;absence de festival cette ann\u00e9e, annul\u00e9 en raison de la pand\u00e9mie de coronavirus. Cette s\u00e9lection a \u00e9t\u00e9 d\u00e9voil\u00e9e \u00e0 Paris par le pr\u00e9sident du Festival, Pierre Lescure, et le [&hellip;]<\/p>\n","protected":false},"author":1790,"featured_media":0,"comment_status":"closed","ping_status":"closed","sticky":false,"template":"","format":"standard","meta":{"fifu_image_url":"","fifu_image_alt":"","footnotes":""},"categories":[53,79],"tags":[],"class_list":["post-87810","post","type-post","status-publish","format-standard","hentry","category-algerie","category-culture"],"_links":{"self":[{"href":"https:\/\/linitiative.ca\/International\/wp-json\/wp\/v2\/posts\/87810","targetHints":{"allow":["GET"]}}],"collection":[{"href":"https:\/\/linitiative.ca\/International\/wp-json\/wp\/v2\/posts"}],"about":[{"href":"https:\/\/linitiative.ca\/International\/wp-json\/wp\/v2\/types\/post"}],"author":[{"embeddable":true,"href":"https:\/\/linitiative.ca\/International\/wp-json\/wp\/v2\/users\/1790"}],"replies":[{"embeddable":true,"href":"https:\/\/linitiative.ca\/International\/wp-json\/wp\/v2\/comments?post=87810"}],"version-history":[{"count":0,"href":"https:\/\/linitiative.ca\/International\/wp-json\/wp\/v2\/posts\/87810\/revisions"}],"wp:attachment":[{"href":"https:\/\/linitiative.ca\/International\/wp-json\/wp\/v2\/media?parent=87810"}],"wp:term":[{"taxonomy":"category","embeddable":true,"href":"https:\/\/linitiative.ca\/International\/wp-json\/wp\/v2\/categories?post=87810"},{"taxonomy":"post_tag","embeddable":true,"href":"https:\/\/linitiative.ca\/International\/wp-json\/wp\/v2\/tags?post=87810"}],"curies":[{"name":"wp","href":"https:\/\/api.w.org\/{rel}","templated":true}]}}