{"id":87812,"date":"2020-06-04T04:00:00","date_gmt":"2020-06-04T08:00:00","guid":{"rendered":"https:\/\/linitiative.ca\/International\/les-algeriens-craignent-la-contamination-au-covid-19\/"},"modified":"2020-06-04T04:00:00","modified_gmt":"2020-06-04T08:00:00","slug":"les-algeriens-craignent-la-contamination-au-covid-19","status":"publish","type":"post","link":"https:\/\/linitiative.ca\/International\/les-algeriens-craignent-la-contamination-au-covid-19\/","title":{"rendered":"Les Alg\u00e9riens craignent la contamination au Covid-19"},"content":{"rendered":"<div id=\"originalText\" readability=\"52\">\n<p>Les pays d\u2019Afrique, dont l\u2019Alg\u00e9rie, s\u2019inqui\u00e8tent de la contamination par le coronavirus. Selon un sondage r\u00e9alis\u00e9 par trois entit\u00e9s, dont le cabinet Deloitte, l\u2019institut de sondage Opinion-Way et l\u2019agence Conseil 35-Nord, 81% de la population ont exprim\u00e9 son inqui\u00e9tude, dont 64% se disent \u201ctr\u00e8s inquiets\u201d et 17% \u201cassez inquiets\u201d. Par ailleurs, 60% des personnes interrog\u00e9es estiment que \u201cla situation \u00e9conomique de leur pays va se d\u00e9grader\u201d et 12% qu\u2019elle \u201cne va pas changer\u201d. Intitul\u00e9 \u201cLes opinions publiques africaines face \u00e0 la crise du Covid-19\u201d, ce sondage a \u00e9t\u00e9 r\u00e9alis\u00e9 dans huit pays, dont l\u2019Alg\u00e9rie, l\u2019Afrique du Sud, la C\u00f4te d\u2019Ivoire, l\u2019\u00c9gypte, l\u2019\u00c9thiopie, le Maroc, la R\u00e9publique d\u00e9mocratique du Congo et le Nigeria. Au total, 4 017 personnes ont \u00e9t\u00e9 interrog\u00e9es, repr\u00e9sentatives de la population \u00e2g\u00e9e de 18 ans et plus.<\/p>\n<\/div>\n<div id=\"text_core\" readability=\"52\">\n<p>Les pays d\u2019Afrique, dont l\u2019Alg\u00e9rie, s\u2019inqui\u00e8tent de la contamination par le coronavirus. Selon un sondage r\u00e9alis\u00e9 par trois entit\u00e9s, dont le cabinet Deloitte, l\u2019institut de sondage Opinion-Way et l\u2019agence Conseil 35-Nord, 81% de la population ont exprim\u00e9 son inqui\u00e9tude, dont 64% se disent \u201ctr\u00e8s inquiets\u201d et 17% \u201cassez inquiets\u201d. Par ailleurs, 60% des personnes interrog\u00e9es estiment que \u201cla situation \u00e9conomique de leur pays va se d\u00e9grader\u201d et 12% qu\u2019elle \u201cne va pas changer\u201d. Intitul\u00e9 \u201cLes opinions publiques africaines face \u00e0 la crise du Covid-19\u201d, ce sondage a \u00e9t\u00e9 r\u00e9alis\u00e9 dans huit pays, dont l\u2019Alg\u00e9rie, l\u2019Afrique du Sud, la C\u00f4te d\u2019Ivoire, l\u2019\u00c9gypte, l\u2019\u00c9thiopie, le Maroc, la R\u00e9publique d\u00e9mocratique du Congo et le Nigeria. Au total, 4 017 personnes ont \u00e9t\u00e9 interrog\u00e9es, repr\u00e9sentatives de la population \u00e2g\u00e9e de 18 ans et plus.<\/p>\n<\/div>\n<p>Auteur:<br \/>\n<a href=\"https:\/\/www.liberte-algerie.com\/radar\/les-algeriens-craignent-la-contamination-au-covid-19-339607\">Cliquez ici pour lire l&rsquo;article depuis sa source.<\/a><\/p>\n","protected":false},"excerpt":{"rendered":"<p>Les pays d\u2019Afrique, dont l\u2019Alg\u00e9rie, s\u2019inqui\u00e8tent de la contamination par le coronavirus. Selon un sondage r\u00e9alis\u00e9 par trois entit\u00e9s, dont le cabinet Deloitte, l\u2019institut de sondage Opinion-Way et l\u2019agence Conseil 35-Nord, 81% de la population ont exprim\u00e9 son inqui\u00e9tude, dont 64% se disent \u201ctr\u00e8s inquiets\u201d et 17% \u201cassez inquiets\u201d. Par ailleurs, 60% des personnes interrog\u00e9es [&hellip;]<\/p>\n","protected":false},"author":1742,"featured_media":0,"comment_status":"closed","ping_status":"closed","sticky":false,"template":"","format":"standard","meta":{"fifu_image_url":"","fifu_image_alt":"","footnotes":""},"categories":[73,53],"tags":[],"class_list":["post-87812","post","type-post","status-publish","format-standard","hentry","category-actualite","category-algerie"],"_links":{"self":[{"href":"https:\/\/linitiative.ca\/International\/wp-json\/wp\/v2\/posts\/87812","targetHints":{"allow":["GET"]}}],"collection":[{"href":"https:\/\/linitiative.ca\/International\/wp-json\/wp\/v2\/posts"}],"about":[{"href":"https:\/\/linitiative.ca\/International\/wp-json\/wp\/v2\/types\/post"}],"author":[{"embeddable":true,"href":"https:\/\/linitiative.ca\/International\/wp-json\/wp\/v2\/users\/1742"}],"replies":[{"embeddable":true,"href":"https:\/\/linitiative.ca\/International\/wp-json\/wp\/v2\/comments?post=87812"}],"version-history":[{"count":0,"href":"https:\/\/linitiative.ca\/International\/wp-json\/wp\/v2\/posts\/87812\/revisions"}],"wp:attachment":[{"href":"https:\/\/linitiative.ca\/International\/wp-json\/wp\/v2\/media?parent=87812"}],"wp:term":[{"taxonomy":"category","embeddable":true,"href":"https:\/\/linitiative.ca\/International\/wp-json\/wp\/v2\/categories?post=87812"},{"taxonomy":"post_tag","embeddable":true,"href":"https:\/\/linitiative.ca\/International\/wp-json\/wp\/v2\/tags?post=87812"}],"curies":[{"name":"wp","href":"https:\/\/api.w.org\/{rel}","templated":true}]}}