{"id":87813,"date":"2020-06-04T04:00:00","date_gmt":"2020-06-04T08:00:00","guid":{"rendered":"https:\/\/linitiative.ca\/International\/vers-un-interimaire-a-la-tete-du-mpa\/"},"modified":"2020-06-04T04:00:00","modified_gmt":"2020-06-04T08:00:00","slug":"vers-un-interimaire-a-la-tete-du-mpa","status":"publish","type":"post","link":"https:\/\/linitiative.ca\/International\/vers-un-interimaire-a-la-tete-du-mpa\/","title":{"rendered":"Vers un int\u00e9rimaire \u00e0 la t\u00eate du MPA"},"content":{"rendered":"<div id=\"originalText\" readability=\"43\">\n<p>Une ann\u00e9e apr\u00e8s la mise en d\u00e9tention provisoire de son secr\u00e9taire g\u00e9n\u00e9ral, Amara Benyounes, le Mouvement populaire alg\u00e9rien (MPA) s\u2019appr\u00eate \u00e0 d\u00e9signer un dirigeant int\u00e9rimaire. Les responsables du parti, qui a fait partie des soutiens \u00e0 l\u2019ancien pr\u00e9sident Abdelaziz Bouteflika, vont d\u00e9signer un secr\u00e9taire g\u00e9n\u00e9ral par int\u00e9rim ou alors installer un pr\u00e9sidium. Si le nom de Barbara Chikh, le chef du groupe parlementaire, est cit\u00e9 avec insistance comme \u00e9tant le probable rempla\u00e7ant d\u2019Amara Benyounes, en attendant le congr\u00e8s de 2021, des sources internes indiquent que c\u2019est plut\u00f4t l\u2019id\u00e9e de l\u2019instance pr\u00e9sidentielle qui fait son chemin. La question devra \u00eatre tranch\u00e9e lors d\u2019une r\u00e9union du conseil national pr\u00e9vue le 15 juin.<\/p>\n<\/div>\n<div id=\"text_core\" readability=\"43\">\n<p>Une ann\u00e9e apr\u00e8s la mise en d\u00e9tention provisoire de son secr\u00e9taire g\u00e9n\u00e9ral, Amara Benyounes, le Mouvement populaire alg\u00e9rien (MPA) s\u2019appr\u00eate \u00e0 d\u00e9signer un dirigeant int\u00e9rimaire. Les responsables du parti, qui a fait partie des soutiens \u00e0 l\u2019ancien pr\u00e9sident Abdelaziz Bouteflika, vont d\u00e9signer un secr\u00e9taire g\u00e9n\u00e9ral par int\u00e9rim ou alors installer un pr\u00e9sidium. Si le nom de Barbara Chikh, le chef du groupe parlementaire, est cit\u00e9 avec insistance comme \u00e9tant le probable rempla\u00e7ant d\u2019Amara Benyounes, en attendant le congr\u00e8s de 2021, des sources internes indiquent que c\u2019est plut\u00f4t l\u2019id\u00e9e de l\u2019instance pr\u00e9sidentielle qui fait son chemin. La question devra \u00eatre tranch\u00e9e lors d\u2019une r\u00e9union du conseil national pr\u00e9vue le 15 juin.<\/p>\n<\/div>\n<p>Auteur:<br \/>\n<a href=\"https:\/\/www.liberte-algerie.com\/radar\/vers-un-interimaire-a-la-tete-du-mpa-339606\">Cliquez ici pour lire l&rsquo;article depuis sa source.<\/a><\/p>\n","protected":false},"excerpt":{"rendered":"<p>Une ann\u00e9e apr\u00e8s la mise en d\u00e9tention provisoire de son secr\u00e9taire g\u00e9n\u00e9ral, Amara Benyounes, le Mouvement populaire alg\u00e9rien (MPA) s\u2019appr\u00eate \u00e0 d\u00e9signer un dirigeant int\u00e9rimaire. Les responsables du parti, qui a fait partie des soutiens \u00e0 l\u2019ancien pr\u00e9sident Abdelaziz Bouteflika, vont d\u00e9signer un secr\u00e9taire g\u00e9n\u00e9ral par int\u00e9rim ou alors installer un pr\u00e9sidium. Si le nom [&hellip;]<\/p>\n","protected":false},"author":1742,"featured_media":0,"comment_status":"closed","ping_status":"closed","sticky":false,"template":"","format":"standard","meta":{"fifu_image_url":"","fifu_image_alt":"","footnotes":""},"categories":[73,53],"tags":[],"class_list":["post-87813","post","type-post","status-publish","format-standard","hentry","category-actualite","category-algerie"],"_links":{"self":[{"href":"https:\/\/linitiative.ca\/International\/wp-json\/wp\/v2\/posts\/87813","targetHints":{"allow":["GET"]}}],"collection":[{"href":"https:\/\/linitiative.ca\/International\/wp-json\/wp\/v2\/posts"}],"about":[{"href":"https:\/\/linitiative.ca\/International\/wp-json\/wp\/v2\/types\/post"}],"author":[{"embeddable":true,"href":"https:\/\/linitiative.ca\/International\/wp-json\/wp\/v2\/users\/1742"}],"replies":[{"embeddable":true,"href":"https:\/\/linitiative.ca\/International\/wp-json\/wp\/v2\/comments?post=87813"}],"version-history":[{"count":0,"href":"https:\/\/linitiative.ca\/International\/wp-json\/wp\/v2\/posts\/87813\/revisions"}],"wp:attachment":[{"href":"https:\/\/linitiative.ca\/International\/wp-json\/wp\/v2\/media?parent=87813"}],"wp:term":[{"taxonomy":"category","embeddable":true,"href":"https:\/\/linitiative.ca\/International\/wp-json\/wp\/v2\/categories?post=87813"},{"taxonomy":"post_tag","embeddable":true,"href":"https:\/\/linitiative.ca\/International\/wp-json\/wp\/v2\/tags?post=87813"}],"curies":[{"name":"wp","href":"https:\/\/api.w.org\/{rel}","templated":true}]}}