{"id":87814,"date":"2020-06-04T04:00:00","date_gmt":"2020-06-04T08:00:00","guid":{"rendered":"https:\/\/linitiative.ca\/International\/vu-a-souk-ahras\/"},"modified":"2020-06-04T04:00:00","modified_gmt":"2020-06-04T08:00:00","slug":"vu-a-souk-ahras","status":"publish","type":"post","link":"https:\/\/linitiative.ca\/International\/vu-a-souk-ahras\/","title":{"rendered":"Vu \u00e0 Souk-Ahras"},"content":{"rendered":"<div id=\"originalText\" readability=\"36\">\n<p>Une d\u00e9charge sauvage est en train de se constituer \u00e0 l\u2019entr\u00e9e sud de la nouvelle mosqu\u00e9e Al Aman de Souk-Ahras devant l\u2019indiff\u00e9rence g\u00e9n\u00e9rale. Ceci \u00e0 la faveur du confinement et de la d\u00e9fection des fid\u00e8les, qui ont d\u00e9sert\u00e9 ce lieu de culte, explique-t-on.<\/p>\n<\/div>\n<div id=\"text_core\" readability=\"36\">\n<p>Une d\u00e9charge sauvage est en train de se constituer \u00e0 l\u2019entr\u00e9e sud de la nouvelle mosqu\u00e9e Al Aman de Souk-Ahras devant l\u2019indiff\u00e9rence g\u00e9n\u00e9rale. Ceci \u00e0 la faveur du confinement et de la d\u00e9fection des fid\u00e8les, qui ont d\u00e9sert\u00e9 ce lieu de culte, explique-t-on.<\/p>\n<\/div>\n<p>Auteur:<br \/>\n<a href=\"https:\/\/www.liberte-algerie.com\/radar\/vu-a-souk-ahras-339605\">Cliquez ici pour lire l&rsquo;article depuis sa source.<\/a><\/p>\n","protected":false},"excerpt":{"rendered":"<p>Une d\u00e9charge sauvage est en train de se constituer \u00e0 l\u2019entr\u00e9e sud de la nouvelle mosqu\u00e9e Al Aman de Souk-Ahras devant l\u2019indiff\u00e9rence g\u00e9n\u00e9rale. Ceci \u00e0 la faveur du confinement et de la d\u00e9fection des fid\u00e8les, qui ont d\u00e9sert\u00e9 ce lieu de culte, explique-t-on. Une d\u00e9charge sauvage est en train de se constituer \u00e0 l\u2019entr\u00e9e sud [&hellip;]<\/p>\n","protected":false},"author":1742,"featured_media":0,"comment_status":"closed","ping_status":"closed","sticky":false,"template":"","format":"standard","meta":{"fifu_image_url":"","fifu_image_alt":"","footnotes":""},"categories":[73,53],"tags":[],"class_list":["post-87814","post","type-post","status-publish","format-standard","hentry","category-actualite","category-algerie"],"_links":{"self":[{"href":"https:\/\/linitiative.ca\/International\/wp-json\/wp\/v2\/posts\/87814","targetHints":{"allow":["GET"]}}],"collection":[{"href":"https:\/\/linitiative.ca\/International\/wp-json\/wp\/v2\/posts"}],"about":[{"href":"https:\/\/linitiative.ca\/International\/wp-json\/wp\/v2\/types\/post"}],"author":[{"embeddable":true,"href":"https:\/\/linitiative.ca\/International\/wp-json\/wp\/v2\/users\/1742"}],"replies":[{"embeddable":true,"href":"https:\/\/linitiative.ca\/International\/wp-json\/wp\/v2\/comments?post=87814"}],"version-history":[{"count":0,"href":"https:\/\/linitiative.ca\/International\/wp-json\/wp\/v2\/posts\/87814\/revisions"}],"wp:attachment":[{"href":"https:\/\/linitiative.ca\/International\/wp-json\/wp\/v2\/media?parent=87814"}],"wp:term":[{"taxonomy":"category","embeddable":true,"href":"https:\/\/linitiative.ca\/International\/wp-json\/wp\/v2\/categories?post=87814"},{"taxonomy":"post_tag","embeddable":true,"href":"https:\/\/linitiative.ca\/International\/wp-json\/wp\/v2\/tags?post=87814"}],"curies":[{"name":"wp","href":"https:\/\/api.w.org\/{rel}","templated":true}]}}