{"id":87815,"date":"2020-06-04T04:00:00","date_gmt":"2020-06-04T08:00:00","guid":{"rendered":"https:\/\/linitiative.ca\/International\/la-production-subericole-en-baisse\/"},"modified":"2020-06-04T04:00:00","modified_gmt":"2020-06-04T08:00:00","slug":"la-production-subericole-en-baisse","status":"publish","type":"post","link":"https:\/\/linitiative.ca\/International\/la-production-subericole-en-baisse\/","title":{"rendered":"La production sub\u00e9ricole en baisse"},"content":{"rendered":"<div id=\"originalText\" readability=\"45\">\n<p>Les responsables de la conservation des for\u00eats de B\u00e9ja\u00efa tablent, cette ann\u00e9e, sur une production pr\u00e9visionnelle de 5 000 quintaux de li\u00e8ge dans la seule circonscription d\u2019Adekar. Or, durant l\u2019ann\u00e9e pr\u00e9c\u00e9dente, la production \u00e9tait de 6 000 quintaux, alors que les potentialit\u00e9s de la fili\u00e8re, au vu de la superficie globale des suberaies, s\u2019\u00e9l\u00e8vent \u00e0 plus de 54 000 hectares dans la r\u00e9gion. Une baisse drastique de la r\u00e9colte du li\u00e8ge qui, au demeurant, constitue une v\u00e9ritable richesse, selon les m\u00eames responsables et le P-DG de l\u2019Entreprise r\u00e9gionale de g\u00e9nie rural Djurdjura qui ont donn\u00e9 le coup d\u2019envoi de la campagne de r\u00e9colte de li\u00e8ge dans la wilaya de B\u00e9ja\u00efa.<\/p>\n<\/div>\n<div id=\"text_core\" readability=\"45\">\n<p>Les responsables de la conservation des for\u00eats de B\u00e9ja\u00efa tablent, cette ann\u00e9e, sur une production pr\u00e9visionnelle de 5 000 quintaux de li\u00e8ge dans la seule circonscription d\u2019Adekar. Or, durant l\u2019ann\u00e9e pr\u00e9c\u00e9dente, la production \u00e9tait de 6 000 quintaux, alors que les potentialit\u00e9s de la fili\u00e8re, au vu de la superficie globale des suberaies, s\u2019\u00e9l\u00e8vent \u00e0 plus de 54 000 hectares dans la r\u00e9gion. Une baisse drastique de la r\u00e9colte du li\u00e8ge qui, au demeurant, constitue une v\u00e9ritable richesse, selon les m\u00eames responsables et le P-DG de l\u2019Entreprise r\u00e9gionale de g\u00e9nie rural Djurdjura qui ont donn\u00e9 le coup d\u2019envoi de la campagne de r\u00e9colte de li\u00e8ge dans la wilaya de B\u00e9ja\u00efa.<\/p>\n<\/div>\n<p>Auteur:<br \/>\n<a href=\"https:\/\/www.liberte-algerie.com\/radar\/la-production-subericole-en-baisse-339604\">Cliquez ici pour lire l&rsquo;article depuis sa source.<\/a><\/p>\n","protected":false},"excerpt":{"rendered":"<p>Les responsables de la conservation des for\u00eats de B\u00e9ja\u00efa tablent, cette ann\u00e9e, sur une production pr\u00e9visionnelle de 5 000 quintaux de li\u00e8ge dans la seule circonscription d\u2019Adekar. Or, durant l\u2019ann\u00e9e pr\u00e9c\u00e9dente, la production \u00e9tait de 6 000 quintaux, alors que les potentialit\u00e9s de la fili\u00e8re, au vu de la superficie globale des suberaies, s\u2019\u00e9l\u00e8vent \u00e0 [&hellip;]<\/p>\n","protected":false},"author":1742,"featured_media":0,"comment_status":"closed","ping_status":"closed","sticky":false,"template":"","format":"standard","meta":{"fifu_image_url":"","fifu_image_alt":"","footnotes":""},"categories":[73,53],"tags":[],"class_list":["post-87815","post","type-post","status-publish","format-standard","hentry","category-actualite","category-algerie"],"_links":{"self":[{"href":"https:\/\/linitiative.ca\/International\/wp-json\/wp\/v2\/posts\/87815","targetHints":{"allow":["GET"]}}],"collection":[{"href":"https:\/\/linitiative.ca\/International\/wp-json\/wp\/v2\/posts"}],"about":[{"href":"https:\/\/linitiative.ca\/International\/wp-json\/wp\/v2\/types\/post"}],"author":[{"embeddable":true,"href":"https:\/\/linitiative.ca\/International\/wp-json\/wp\/v2\/users\/1742"}],"replies":[{"embeddable":true,"href":"https:\/\/linitiative.ca\/International\/wp-json\/wp\/v2\/comments?post=87815"}],"version-history":[{"count":0,"href":"https:\/\/linitiative.ca\/International\/wp-json\/wp\/v2\/posts\/87815\/revisions"}],"wp:attachment":[{"href":"https:\/\/linitiative.ca\/International\/wp-json\/wp\/v2\/media?parent=87815"}],"wp:term":[{"taxonomy":"category","embeddable":true,"href":"https:\/\/linitiative.ca\/International\/wp-json\/wp\/v2\/categories?post=87815"},{"taxonomy":"post_tag","embeddable":true,"href":"https:\/\/linitiative.ca\/International\/wp-json\/wp\/v2\/tags?post=87815"}],"curies":[{"name":"wp","href":"https:\/\/api.w.org\/{rel}","templated":true}]}}