{"id":87818,"date":"2020-06-04T10:52:41","date_gmt":"2020-06-04T14:52:41","guid":{"rendered":"https:\/\/linitiative.ca\/International\/reunions-sur-lorientation-scolaire-et-professionnelle\/"},"modified":"2020-06-04T10:52:41","modified_gmt":"2020-06-04T14:52:41","slug":"reunions-sur-lorientation-scolaire-et-professionnelle","status":"publish","type":"post","link":"https:\/\/linitiative.ca\/International\/reunions-sur-lorientation-scolaire-et-professionnelle\/","title":{"rendered":"R\u00e9unions sur l\u2019orientation scolaire et professionnelle"},"content":{"rendered":"<div readability=\"37\">\n<p>Essaouira \u2013 Deux r\u00e9unions \u00e0 distance ont \u00e9t\u00e9 tenues, r\u00e9cemment, par la Direction provinciale de l\u2019Education Nationale \u00e0 Essaouira, ax\u00e9es essentiellement sur l\u2019orientation scolaire et professionnelle.<\/p>\n<\/div>\n<div readability=\"91\">\n<p>La premi\u00e8re r\u00e9union a \u00e9t\u00e9 tenue avec les directeurs des \u00e9tablissements de l\u2019enseignement secondaire au niveau de la province d\u2019Essaouira, alors que la seconde a connu la participation des cadres de l\u2019orientation p\u00e9dagogique, indique-t-on aupr\u00e8s de ladite Direction.<\/p>\n<p>L\u2019organisation de ces deux r\u00e9unions par visioconf\u00e9rence s\u2019inscrit dans le cadre du programme d\u2019action mis en place par la Direction provinciale de l\u2019Education nationale \u00e0 Essaouira et de la mise en \u0153uvre des dispositions de la note minist\u00e9rielle 20\/19 relative aux mesures exceptionnelles pour la gestion num\u00e9rique de la proc\u00e9dure d\u2019orientation scolaire et professionnelle dans le cycle de l\u2019enseignement secondaire au titre de l\u2019ann\u00e9e scolaire 2019-2020.<\/p>\n<p>Ces deux r\u00e9unions \u00e0 distance marqu\u00e9es par la participation du chef du service d\u2019encadrement des \u00e9tablissements d\u2019enseignement et d\u2019orientation, Abdelali Khallad, interviennent \u00e9galement dans le sillage du plan de communication sur l\u2019op\u00e9ration avec les diff\u00e9rents intervenants.<\/p>\n<p>Plusieurs points figuraient \u00e0 l\u2019ordre du jour de ces deux r\u00e9unions, notamment l\u2019\u00e9valuation p\u00e9riodique de la mise en \u0153uvre du programme d\u2019action de la Direction provinciale en vue de garantir la continuit\u00e9 des services d\u2019information et d\u2019aide \u00e0 l\u2019orientation scolaire et professionnelle, souligne-t-on de m\u00eame source.<\/p>\n<p>Il a \u00e9t\u00e9 \u00e9galement question de la mise en \u0153uvre des dispositifs inh\u00e9rents aux mesures exceptionnelles pour la gestion num\u00e9rique de la proc\u00e9dure d\u2019orientation scolaire et professionnelle dans le cycle de l\u2019enseignement secondaire, ainsi que de la pr\u00e9paration, sur les plans administratif, p\u00e9dagogique et technique, de la phase de d\u00e9finition des choix par les \u00e9l\u00e8ves (filles et gar\u00e7ons) \u00e0 partir du 6 juin.<\/p>\n<p>Les deux r\u00e9unions \u00e0 distance ont \u00e9t\u00e9 aussi focalis\u00e9es sur l\u2019\u00e9tablissement d\u2019un programme de rencontres interactives ouvertes avec les \u00e9l\u00e8ves et leurs parents et tuteurs sur la page Facebook officielle de la Direction provinciale de l\u2019Education nationale, dans le cadre de la s\u00e9rie de rencontres \u00ab\u00a0Moi j\u2019interroge et les cadres d\u2019orientation r\u00e9pondent\u00a0\u00bb, conclut-on de m\u00eame source.<\/p>\n<p>A rappeler que la Direction provinciale de l\u2019Education Nationale \u00e0 Essaouira avait lanc\u00e9, il y a quelques semaines, une s\u00e9rie de rencontres ouvertes \u00e0 distance avec les cadres d\u2019orientation scolaire et professionnelle en vue de r\u00e9pondre aux questionnements des \u00e9l\u00e8ves concernant leurs projets personnels et aux interrogations de leurs parents et tuteurs au sujet des perspectives d\u2019avenir li\u00e9es aux \u00e9tudes de leurs prog\u00e9nitures.<\/p>\n<p>Diffus\u00e9es sur la page Facebook officielle de la Direction, ces rencontres virtuelles s\u2019inscrivent dans le cadre des mesures prises par cette institution, en cette conjoncture exceptionnelle induite par la propagation de la pand\u00e9mie du Covid-19, en vue d\u2019assurer la continuit\u00e9 p\u00e9dagogique au profit des \u00e9l\u00e8ves et des services d\u2019information et d\u2019aide \u00e0 l\u2019orientation, l\u2019objectif ultime \u00e9tant d\u2019accompagner les apprenants dans l\u2019\u00e9laboration de leurs projets personnels.<\/p>\n<p>La Direction provinciale avait aussi mis \u00e0 la disposition des \u00e9l\u00e8ves des douze secteurs scolaires d\u2019orientation relevant de la province d\u2019Essaouira et de leurs parents une liste comprenant les noms et num\u00e9ros de t\u00e9l\u00e9phone des cadres d\u2019orientation afin de r\u00e9pondre \u00e0 toutes leurs questions et sollicitations.<\/p>\n<\/div>\n<p>Auteur: Meriem IGASS<br \/>\n<a href=\"http:\/\/www.mapmarrakech.ma\/fr\/reunions-a-distance-sur-lorientation-scolaire-et-professionnelle\/\">Cliquez ici pour lire l&rsquo;article depuis sa source.<\/a><\/p>\n","protected":false},"excerpt":{"rendered":"<p>Essaouira \u2013 Deux r\u00e9unions \u00e0 distance ont \u00e9t\u00e9 tenues, r\u00e9cemment, par la Direction provinciale de l\u2019Education Nationale \u00e0 Essaouira, ax\u00e9es essentiellement sur l\u2019orientation scolaire et professionnelle. La premi\u00e8re r\u00e9union a \u00e9t\u00e9 tenue avec les directeurs des \u00e9tablissements de l\u2019enseignement secondaire au niveau de la province d\u2019Essaouira, alors que la seconde a connu la participation des [&hellip;]<\/p>\n","protected":false},"author":1788,"featured_media":0,"comment_status":"closed","ping_status":"closed","sticky":false,"template":"","format":"standard","meta":{"fifu_image_url":"","fifu_image_alt":"","footnotes":""},"categories":[54,76],"tags":[],"class_list":["post-87818","post","type-post","status-publish","format-standard","hentry","category-maroc","category-regions"],"_links":{"self":[{"href":"https:\/\/linitiative.ca\/International\/wp-json\/wp\/v2\/posts\/87818","targetHints":{"allow":["GET"]}}],"collection":[{"href":"https:\/\/linitiative.ca\/International\/wp-json\/wp\/v2\/posts"}],"about":[{"href":"https:\/\/linitiative.ca\/International\/wp-json\/wp\/v2\/types\/post"}],"author":[{"embeddable":true,"href":"https:\/\/linitiative.ca\/International\/wp-json\/wp\/v2\/users\/1788"}],"replies":[{"embeddable":true,"href":"https:\/\/linitiative.ca\/International\/wp-json\/wp\/v2\/comments?post=87818"}],"version-history":[{"count":0,"href":"https:\/\/linitiative.ca\/International\/wp-json\/wp\/v2\/posts\/87818\/revisions"}],"wp:attachment":[{"href":"https:\/\/linitiative.ca\/International\/wp-json\/wp\/v2\/media?parent=87818"}],"wp:term":[{"taxonomy":"category","embeddable":true,"href":"https:\/\/linitiative.ca\/International\/wp-json\/wp\/v2\/categories?post=87818"},{"taxonomy":"post_tag","embeddable":true,"href":"https:\/\/linitiative.ca\/International\/wp-json\/wp\/v2\/tags?post=87818"}],"curies":[{"name":"wp","href":"https:\/\/api.w.org\/{rel}","templated":true}]}}