{"id":87819,"date":"2020-06-04T11:01:22","date_gmt":"2020-06-04T15:01:22","guid":{"rendered":"https:\/\/linitiative.ca\/International\/07-provinces-desormais-indemnes-de-tout-cas-de-contamination\/"},"modified":"2020-06-04T11:01:22","modified_gmt":"2020-06-04T15:01:22","slug":"07-provinces-desormais-indemnes-de-tout-cas-de-contamination","status":"publish","type":"post","link":"https:\/\/linitiative.ca\/International\/07-provinces-desormais-indemnes-de-tout-cas-de-contamination\/","title":{"rendered":"07 provinces d\u00e9sormais indemnes de tout cas de contamination"},"content":{"rendered":"<div class=\"single-featured\"><img alt=\"\" data-src=\"http:\/\/www.mapmarrakech.ma\/map\/uploads\/2020\/05\/Zone-Covid-19-2.jpg\"\/><\/div>\n<div class=\"single-post-excerpt post-excerpt-bc\" readability=\"37\">\n<p>Marrakech \u2013 Sept provinces relevant de la r\u00e9gion Marrakech-Safi ne comptent, d\u00e9sormais, aucun cas de contamination au coronavirus (Covid-19), selon les donn\u00e9es de la Direction R\u00e9gionale de la Sant\u00e9 (DRS).<\/p>\n<\/div>\n<div class=\"entry-content clearfix single-post-content\" readability=\"59\">\n<p>Il s\u2019agit des provinces de Safi, de Rehamna, d\u2019El Kela\u00e2 des Sraghna, de Chichaoua, d\u2019Essaouira, d\u2019Al Haouz, en plus de la province de Youssoufia, qui n\u2019a enregistr\u00e9 aucun cas de contamination au coronavirus depuis le d\u00e9clenchement de cette pand\u00e9mie \u00e0 l\u2019\u00e9chelle nationale.<\/p>\n<p>La province de Safi vient d\u2019\u00eatre d\u00e9clar\u00e9e \u00ab\u00a0indemne\u00a0\u00bb de tout cas de contamination au Covid-19 apr\u00e8s la r\u00e9mission compl\u00e8te, mercredi soir, de trois patients qui ont suivi leur traitement au sein de l\u2019h\u00f4pital Mohammed V, apr\u00e8s avoir \u00e9t\u00e9 d\u00e9tect\u00e9s positifs au nouveau coronavirus dans la r\u00e9gion de Casablanca- Settat, rappelle-t-on.<\/p>\n<p>Dans son bilan quotidien sur la situation \u00e9pid\u00e9miologique au niveau de la r\u00e9gion Marrakech- Safi, la DRS a fait \u00e9tat de 6 nouvelles r\u00e9missions du Covid-19, portant \u00e0 1.267 le nombre des personnes d\u00e9clar\u00e9es d\u00e9finitivement r\u00e9tablies dans la r\u00e9gion.<\/p>\n<p>Et de conclure que le taux de gu\u00e9rison dans la r\u00e9gion Marrakech-Safi s\u2019\u00e9l\u00e8ve \u00e0 92,1%.<\/p>\n<\/div>\n<p>Auteur: Meriem IGASS<br \/>\n<a href=\"http:\/\/www.mapmarrakech.ma\/fr\/07-provinces-desormais-indemnes-de-tout-cas-de-contamination\/\">Cliquez ici pour lire l&rsquo;article depuis sa source.<\/a><\/p>\n","protected":false},"excerpt":{"rendered":"<p>Marrakech \u2013 Sept provinces relevant de la r\u00e9gion Marrakech-Safi ne comptent, d\u00e9sormais, aucun cas de contamination au coronavirus (Covid-19), selon les donn\u00e9es de la Direction R\u00e9gionale de la Sant\u00e9 (DRS). Il s\u2019agit des provinces de Safi, de Rehamna, d\u2019El Kela\u00e2 des Sraghna, de Chichaoua, d\u2019Essaouira, d\u2019Al Haouz, en plus de la province de Youssoufia, qui [&hellip;]<\/p>\n","protected":false},"author":1788,"featured_media":87820,"comment_status":"closed","ping_status":"closed","sticky":false,"template":"","format":"standard","meta":{"fifu_image_url":"","fifu_image_alt":"","footnotes":""},"categories":[54,76],"tags":[],"class_list":["post-87819","post","type-post","status-publish","format-standard","has-post-thumbnail","hentry","category-maroc","category-regions"],"_links":{"self":[{"href":"https:\/\/linitiative.ca\/International\/wp-json\/wp\/v2\/posts\/87819","targetHints":{"allow":["GET"]}}],"collection":[{"href":"https:\/\/linitiative.ca\/International\/wp-json\/wp\/v2\/posts"}],"about":[{"href":"https:\/\/linitiative.ca\/International\/wp-json\/wp\/v2\/types\/post"}],"author":[{"embeddable":true,"href":"https:\/\/linitiative.ca\/International\/wp-json\/wp\/v2\/users\/1788"}],"replies":[{"embeddable":true,"href":"https:\/\/linitiative.ca\/International\/wp-json\/wp\/v2\/comments?post=87819"}],"version-history":[{"count":0,"href":"https:\/\/linitiative.ca\/International\/wp-json\/wp\/v2\/posts\/87819\/revisions"}],"wp:featuredmedia":[{"embeddable":true,"href":"https:\/\/linitiative.ca\/International\/wp-json\/"}],"wp:attachment":[{"href":"https:\/\/linitiative.ca\/International\/wp-json\/wp\/v2\/media?parent=87819"}],"wp:term":[{"taxonomy":"category","embeddable":true,"href":"https:\/\/linitiative.ca\/International\/wp-json\/wp\/v2\/categories?post=87819"},{"taxonomy":"post_tag","embeddable":true,"href":"https:\/\/linitiative.ca\/International\/wp-json\/wp\/v2\/tags?post=87819"}],"curies":[{"name":"wp","href":"https:\/\/api.w.org\/{rel}","templated":true}]}}