{"id":87821,"date":"2020-06-04T12:48:13","date_gmt":"2020-06-04T16:48:13","guid":{"rendered":"https:\/\/linitiative.ca\/International\/focus-sur-les-mesures-a-mettre-en-oeuvre-pour-la-relance-immobiliere\/"},"modified":"2020-06-04T12:48:13","modified_gmt":"2020-06-04T16:48:13","slug":"focus-sur-les-mesures-a-mettre-en-oeuvre-pour-la-relance-immobiliere","status":"publish","type":"post","link":"https:\/\/linitiative.ca\/International\/focus-sur-les-mesures-a-mettre-en-oeuvre-pour-la-relance-immobiliere\/","title":{"rendered":"Focus sur les mesures \u00e0 mettre en \u0153uvre pour la relance immobili\u00e8re"},"content":{"rendered":"<div readability=\"36\">\n<p>Marrakech \u2013 Les mesures \u00e0 mettre en \u0153uvre pour relancer le secteur de l\u2019immobilier ont \u00e9t\u00e9, mercredi, au centre d\u2019une r\u00e9union de travail entre l\u2019Agence urbaine de Marrakech (AUM) et le Conseil R\u00e9gional de l\u2019Ordre des Architectes (CROAT) de la r\u00e9gion Marrakech-Safi.<\/p>\n<\/div>\n<div readability=\"77\">\n<p>Cette r\u00e9union a constitu\u00e9 une occasion pour focaliser sur les contraintes que rencontre le secteur en ces circonstances exceptionnelles, et d\u2019\u00e9tudier la possibilit\u00e9 de mise en \u0153uvre des mesures communes suite \u00e0 la circulaire de la ministre de l\u2019Am\u00e9nagement du territoire national, de l\u2019urbanisme, de l\u2019habitat et de la politique de la ville et aux diff\u00e9rentes propositions issues des webinaires organis\u00e9s tout au long du mois d\u2019avril dernier.<\/p>\n<p>Rehauss\u00e9e par la participation de M. Said Loqmane, directeur de l\u2019AUM et du pr\u00e9sident du CROAT, cette r\u00e9union a, en outre, servi de plateforme pour les deux parties d\u2019exprimer leur soutien au d\u00e9veloppement du secteur, tout en r\u00e9it\u00e9rant leur volont\u00e9 conjointe de f\u00e9d\u00e9rer les efforts et de mobiliser les moyens n\u00e9cessaires afin de relancer le secteur de l\u2019immobilier dans le R\u00e9gion Marrakech-Safi.<\/p>\n<p>Le secteur de l\u2019habitat et de l\u2019immobilier constitue un indicateur important de d\u00e9veloppement et de la sant\u00e9 \u00e9conomique du pays, tient \u00e0 rappeler l\u2019Agence Urbaine de Marrakech (AUM), pr\u00e9cisant qu\u2019avec 6,3 % du PIB national, il constitue aussi un grand pourvoyeur d\u2019emplois et de cr\u00e9ation de richesse.<\/p>\n<p>Consciente de cet enjeu, l\u2019AUM fait de l\u2019accompagnement des investisseurs et des professionnels l\u2019une des priorit\u00e9s majeures de son action.<\/p>\n<p>La contribution de l\u2019AUM en collaboration avec les autres partenaires publics et priv\u00e9s au niveau local, est un maillon important dans cette cha\u00eene \u00e0 forte valeur ajout\u00e9 de l\u2019\u00e9conomie nationale.<\/p>\n<p>Elle favorise en plus du d\u00e9veloppement du secteur de l\u2019immobilier, le d\u00e9veloppement de plusieurs secteurs d\u2019activit\u00e9 connexes.<\/p>\n<p>La m\u00eame source indique que la relance de ce secteur qui a fait r\u00e9cemment l\u2019objet d\u2019une rencontre organis\u00e9e par l\u2019AUM en coordination avec la Wilaya de Marrakech-Safi, requiert une d\u00e9marche participative associant diff\u00e9rents acteurs, afin d\u2019adopter des mesures communes destin\u00e9es \u00e0 accompagner les professionnels dans la r\u00e9alisation de leurs projets<\/p>\n<\/div>\n<p>Auteur: Meriem IGASS<br \/>\n<a href=\"http:\/\/www.mapmarrakech.ma\/fr\/focus-sur-les-mesures-a-mettre-en-oeuvre-pour-la-relance-immobiliere\/\">Cliquez ici pour lire l&rsquo;article depuis sa source.<\/a><\/p>\n","protected":false},"excerpt":{"rendered":"<p>Marrakech \u2013 Les mesures \u00e0 mettre en \u0153uvre pour relancer le secteur de l\u2019immobilier ont \u00e9t\u00e9, mercredi, au centre d\u2019une r\u00e9union de travail entre l\u2019Agence urbaine de Marrakech (AUM) et le Conseil R\u00e9gional de l\u2019Ordre des Architectes (CROAT) de la r\u00e9gion Marrakech-Safi. Cette r\u00e9union a constitu\u00e9 une occasion pour focaliser sur les contraintes que rencontre [&hellip;]<\/p>\n","protected":false},"author":1788,"featured_media":0,"comment_status":"closed","ping_status":"closed","sticky":false,"template":"","format":"standard","meta":{"fifu_image_url":"","fifu_image_alt":"","footnotes":""},"categories":[54,76],"tags":[],"class_list":["post-87821","post","type-post","status-publish","format-standard","hentry","category-maroc","category-regions"],"_links":{"self":[{"href":"https:\/\/linitiative.ca\/International\/wp-json\/wp\/v2\/posts\/87821","targetHints":{"allow":["GET"]}}],"collection":[{"href":"https:\/\/linitiative.ca\/International\/wp-json\/wp\/v2\/posts"}],"about":[{"href":"https:\/\/linitiative.ca\/International\/wp-json\/wp\/v2\/types\/post"}],"author":[{"embeddable":true,"href":"https:\/\/linitiative.ca\/International\/wp-json\/wp\/v2\/users\/1788"}],"replies":[{"embeddable":true,"href":"https:\/\/linitiative.ca\/International\/wp-json\/wp\/v2\/comments?post=87821"}],"version-history":[{"count":0,"href":"https:\/\/linitiative.ca\/International\/wp-json\/wp\/v2\/posts\/87821\/revisions"}],"wp:attachment":[{"href":"https:\/\/linitiative.ca\/International\/wp-json\/wp\/v2\/media?parent=87821"}],"wp:term":[{"taxonomy":"category","embeddable":true,"href":"https:\/\/linitiative.ca\/International\/wp-json\/wp\/v2\/categories?post=87821"},{"taxonomy":"post_tag","embeddable":true,"href":"https:\/\/linitiative.ca\/International\/wp-json\/wp\/v2\/tags?post=87821"}],"curies":[{"name":"wp","href":"https:\/\/api.w.org\/{rel}","templated":true}]}}