{"id":87825,"date":"2020-06-04T12:53:34","date_gmt":"2020-06-04T16:53:34","guid":{"rendered":"https:\/\/linitiative.ca\/International\/filiere-cerealiere-a-djelfa-des-resultats-fort-encourageants-dans-le-rendement-des-superficies-irriguees\/"},"modified":"2020-06-04T12:53:34","modified_gmt":"2020-06-04T16:53:34","slug":"filiere-cerealiere-a-djelfa-des-resultats-fort-encourageants-dans-le-rendement-des-superficies-irriguees","status":"publish","type":"post","link":"https:\/\/linitiative.ca\/International\/filiere-cerealiere-a-djelfa-des-resultats-fort-encourageants-dans-le-rendement-des-superficies-irriguees\/","title":{"rendered":"Fili\u00e8re c\u00e9r\u00e9ali\u00e8re \u00e0 Djelfa : des r\u00e9sultats \u00ab\u00a0fort encourageants\u00a0\u00bb dans le rendement des superficies irrigu\u00e9es"},"content":{"rendered":"<div readability=\"35\">\n<p><strong>DJELFA &#8211; La fili\u00e8re c\u00e9r\u00e9ales \u00e0 Djelfa a r\u00e9alis\u00e9 des r\u00e9sultats \u00ab\u00a0fort encourageants\u00a0\u00bb dans le rendement (\u00e0 l\u2019hectare) des superficies irrigu\u00e9es, a-t-on appris jeudi aupr\u00e8s de la Direction locale des services agricoles(DSA).<\/strong><\/p>\n<\/div>\n<div readability=\"74.216976516634\">\n<p>\u00ab\u00a0Ces pr\u00e9mices positives ont \u00e9t\u00e9 \u00e9tablies au d\u00e9but du lancement de la campagne moissons-battage 2019\/2020, dont le coup d\u2019envoi a \u00e9t\u00e9 donn\u00e9 courant de la \u00e0 partir d\u2019exploitations agricoles priv\u00e9es de la commune de Birine, \u00e0 130 km au nord de Djelfa.<\/p>\n<p>En effet, des rendements records de 60 \u00e0 70 quintaux \u00e0 l\u2019hectare ont \u00e9t\u00e9 constat\u00e9s au niveau des exploitations agricoles \u00ab\u00a0Kortli Mourad\u00a0\u00bb, une exploitation en location d&rsquo;une surface de 280 ha, et \u00ab\u00a0L&rsquo;hadj Kossir L\u00a0\u00bbhetak et fils\u00a0\u00bb, une exploitation priv\u00e9e de 200 ha.<\/p>\n<blockquote readability=\"10\">\n<p><strong><em>\u00ab\u00a0Ces indices de production augurent de perspectives prometteuses pour le d\u00e9veloppement des superficies c\u00e9r\u00e9ali\u00e8res irrigu\u00e9es, estim\u00e9es \u00e0 19.100 ha, et si\u00e8ge d\u2019une hausse progressive ces derni\u00e8res ann\u00e9es\u00a0\u00bb, selon les pr\u00e9visions de la DSA.<\/em><\/strong><\/p>\n<\/blockquote>\n<hr\/>\n<h3>Lire aussi:\u00a0<a href=\"http:\/\/www.aps.dz\/economie\/105602-le-taux-d-inflation-moyen-annuel-stable-a-1-8-en-avril-2020\">Le taux d&rsquo;inflation moyen annuel stable \u00e0 1,8% en avril 2020<\/a><\/h3>\n<hr\/>\n<blockquote readability=\"13\">\n<p><strong><em>\u00ab\u00a0La pr\u00e9sente campagne s\u2019annonce tr\u00e8s prometteuse concernant notamment la c\u00e9r\u00e9aliculture irrigu\u00e9e\u00a0\u00bb, a assur\u00e9, dans une d\u00e9claration \u00e0 l\u2019APS, un c\u00e9r\u00e9aliculteur de la commune d\u2019El Birine, se f\u00e9licitant de l\u2019obtention d\u2019un rendement de plus de 60 qx\/ha en bl\u00e9 tendre, durant cette campagne.<\/em><\/strong><\/p>\n<\/blockquote>\n<p>Pour le pr\u00e9sident de la Chambre d\u2019agriculture de la wilaya, Keddid Mohamed, les r\u00e9sultats r\u00e9alis\u00e9s au niveau des surfaces irrigu\u00e9es d\u2019El Birine et d\u2019autres r\u00e9gions de la wilaya, a-t-il dit, sont une \u00ab\u00a0preuve de la volont\u00e9 et d\u00e9termination des c\u00e9r\u00e9aliculteurs locaux \u00e0 promouvoir cette fili\u00e8re de souverainet\u00e9 et \u00e0 \u00e9largir les surfaces de culture de bl\u00e9 tendre et, partant, contribuer dans la r\u00e9duction de sa facture d\u2019importation, conform\u00e9ment aux orientations de l\u2019Etat, dans ce sens\u00a0\u00bb, a-t-il soulign\u00e9.<\/p>\n<p>Le wali de Djelfa, Mohamed Benomar, avait pr\u00e9sid\u00e9 le coup d\u2019envoi de la campagne moissons-battage dans la partie nord de la wilaya, o\u00f9 il a lou\u00e9 les \u00ab\u00a0efforts consentis pour le d\u00e9veloppement et la promotion de la fili\u00e8re c\u00e9r\u00e9ali\u00e8re\u00a0\u00bb. De nombreux producteurs et agriculteurs lui avaient expos\u00e9, \u00e0 l\u2019occasion, leurs pr\u00e9occupations.<\/p>\n<\/div>\n<p>Auteur:<br \/>\n<a href=\"http:\/\/www.aps.dz\/regions\/105797-filiere-cerealiere-a-djelfa-des-resultats-fort-encourageants-dans-le-rendement-des-superficies-irriguees\">Cliquez ici pour lire l&rsquo;article depuis sa source.<\/a><\/p>\n","protected":false},"excerpt":{"rendered":"<p>DJELFA &#8211; La fili\u00e8re c\u00e9r\u00e9ales \u00e0 Djelfa a r\u00e9alis\u00e9 des r\u00e9sultats \u00ab\u00a0fort encourageants\u00a0\u00bb dans le rendement (\u00e0 l\u2019hectare) des superficies irrigu\u00e9es, a-t-on appris jeudi aupr\u00e8s de la Direction locale des services agricoles(DSA). \u00ab\u00a0Ces pr\u00e9mices positives ont \u00e9t\u00e9 \u00e9tablies au d\u00e9but du lancement de la campagne moissons-battage 2019\/2020, dont le coup d\u2019envoi a \u00e9t\u00e9 donn\u00e9 courant [&hellip;]<\/p>\n","protected":false},"author":1790,"featured_media":0,"comment_status":"closed","ping_status":"closed","sticky":false,"template":"","format":"standard","meta":{"fifu_image_url":"","fifu_image_alt":"","footnotes":""},"categories":[53,76],"tags":[],"class_list":["post-87825","post","type-post","status-publish","format-standard","hentry","category-algerie","category-regions"],"_links":{"self":[{"href":"https:\/\/linitiative.ca\/International\/wp-json\/wp\/v2\/posts\/87825","targetHints":{"allow":["GET"]}}],"collection":[{"href":"https:\/\/linitiative.ca\/International\/wp-json\/wp\/v2\/posts"}],"about":[{"href":"https:\/\/linitiative.ca\/International\/wp-json\/wp\/v2\/types\/post"}],"author":[{"embeddable":true,"href":"https:\/\/linitiative.ca\/International\/wp-json\/wp\/v2\/users\/1790"}],"replies":[{"embeddable":true,"href":"https:\/\/linitiative.ca\/International\/wp-json\/wp\/v2\/comments?post=87825"}],"version-history":[{"count":0,"href":"https:\/\/linitiative.ca\/International\/wp-json\/wp\/v2\/posts\/87825\/revisions"}],"wp:attachment":[{"href":"https:\/\/linitiative.ca\/International\/wp-json\/wp\/v2\/media?parent=87825"}],"wp:term":[{"taxonomy":"category","embeddable":true,"href":"https:\/\/linitiative.ca\/International\/wp-json\/wp\/v2\/categories?post=87825"},{"taxonomy":"post_tag","embeddable":true,"href":"https:\/\/linitiative.ca\/International\/wp-json\/wp\/v2\/tags?post=87825"}],"curies":[{"name":"wp","href":"https:\/\/api.w.org\/{rel}","templated":true}]}}