{"id":87828,"date":"2020-06-04T14:08:34","date_gmt":"2020-06-04T18:08:34","guid":{"rendered":"https:\/\/linitiative.ca\/International\/covid-19-81-nouveaux-cas-confirmes-au-maroc\/"},"modified":"2020-06-04T14:08:34","modified_gmt":"2020-06-04T18:08:34","slug":"covid-19-81-nouveaux-cas-confirmes-au-maroc","status":"publish","type":"post","link":"https:\/\/linitiative.ca\/International\/covid-19-81-nouveaux-cas-confirmes-au-maroc\/","title":{"rendered":"Covid-19: 81 nouveaux cas confirm\u00e9s au Maroc"},"content":{"rendered":"<div class=\"single-featured\"><img alt=\"\" data-src=\"http:\/\/www.mapoujda.ma\/map\/uploads\/2020\/06\/8003-Bilan-FR-site-R&#xE9;gionaux-M750&#xD7;430-MAP.jpeg\"\/><\/div>\n<div class=\"entry-content clearfix single-post-content\" readability=\"56\">\n<p class=\"c4\">Quatre-vingt-et-un (81) nouveaux cas d\u2019infection au coronavirus (Covid-19) ont \u00e9t\u00e9 confirm\u00e9s au Maroc au cours des derni\u00e8res 24 heures, portant \u00e0 8.003 le nombre total des cas de contamination dans le Royaume, a annonc\u00e9 jeudi le minist\u00e8re de la Sant\u00e9.<\/p>\n<p class=\"c4\">Le nombre des morts s\u2019est \u00e9lev\u00e9 \u00e0 208, deux d\u00e9c\u00e8s ayant \u00e9t\u00e9 recens\u00e9s ces derni\u00e8res 24 heures, a indiqu\u00e9 Dr Mouad Mrabet, coordonnateur du Centre national des op\u00e9rations d\u2019urgence de sant\u00e9 publique au minist\u00e8re de la sant\u00e9, dans une d\u00e9claration retransmise par la MAP sur sa cha\u00eene de t\u00e9l\u00e9vision M24 et sur RIM RADIO.<\/p>\n<p class=\"c4\">Par ailleurs, 329 cas de gu\u00e9rison ont \u00e9t\u00e9 enregistr\u00e9s au cours des derni\u00e8res 24H, portant \u00e0 7.195\u00a0le nombre total des gu\u00e9risons dans le Royaume, a annonc\u00e9 le minist\u00e8re de la Sant\u00e9.<\/p>\n<p class=\"c4\">Le minist\u00e8re invite les citoyens \u00e0 respecter les r\u00e8gles d\u2019hygi\u00e8ne et de s\u00e9curit\u00e9 sanitaire ainsi que les mesures pr\u00e9ventives prises par les autorit\u00e9s, en faisant preuve de responsabilit\u00e9 et de patriotisme.<\/p>\n<\/div>\n<p>Auteur: Soufiane ELAHMAR<br \/>\n<a href=\"http:\/\/www.mapoujda.ma\/fr\/covid-19-81-nouveaux-cas-confirmes-au-maroc\/\">Cliquez ici pour lire l&rsquo;article depuis sa source.<\/a><\/p>\n","protected":false},"excerpt":{"rendered":"<p>Quatre-vingt-et-un (81) nouveaux cas d\u2019infection au coronavirus (Covid-19) ont \u00e9t\u00e9 confirm\u00e9s au Maroc au cours des derni\u00e8res 24 heures, portant \u00e0 8.003 le nombre total des cas de contamination dans le Royaume, a annonc\u00e9 jeudi le minist\u00e8re de la Sant\u00e9. Le nombre des morts s\u2019est \u00e9lev\u00e9 \u00e0 208, deux d\u00e9c\u00e8s ayant \u00e9t\u00e9 recens\u00e9s ces derni\u00e8res [&hellip;]<\/p>\n","protected":false},"author":1788,"featured_media":87829,"comment_status":"closed","ping_status":"closed","sticky":false,"template":"","format":"standard","meta":{"fifu_image_url":"","fifu_image_alt":"","footnotes":""},"categories":[54,76],"tags":[],"class_list":["post-87828","post","type-post","status-publish","format-standard","has-post-thumbnail","hentry","category-maroc","category-regions"],"_links":{"self":[{"href":"https:\/\/linitiative.ca\/International\/wp-json\/wp\/v2\/posts\/87828","targetHints":{"allow":["GET"]}}],"collection":[{"href":"https:\/\/linitiative.ca\/International\/wp-json\/wp\/v2\/posts"}],"about":[{"href":"https:\/\/linitiative.ca\/International\/wp-json\/wp\/v2\/types\/post"}],"author":[{"embeddable":true,"href":"https:\/\/linitiative.ca\/International\/wp-json\/wp\/v2\/users\/1788"}],"replies":[{"embeddable":true,"href":"https:\/\/linitiative.ca\/International\/wp-json\/wp\/v2\/comments?post=87828"}],"version-history":[{"count":0,"href":"https:\/\/linitiative.ca\/International\/wp-json\/wp\/v2\/posts\/87828\/revisions"}],"wp:featuredmedia":[{"embeddable":true,"href":"https:\/\/linitiative.ca\/International\/wp-json\/"}],"wp:attachment":[{"href":"https:\/\/linitiative.ca\/International\/wp-json\/wp\/v2\/media?parent=87828"}],"wp:term":[{"taxonomy":"category","embeddable":true,"href":"https:\/\/linitiative.ca\/International\/wp-json\/wp\/v2\/categories?post=87828"},{"taxonomy":"post_tag","embeddable":true,"href":"https:\/\/linitiative.ca\/International\/wp-json\/wp\/v2\/tags?post=87828"}],"curies":[{"name":"wp","href":"https:\/\/api.w.org\/{rel}","templated":true}]}}