{"id":87830,"date":"2020-06-04T14:06:54","date_gmt":"2020-06-04T18:06:54","guid":{"rendered":"https:\/\/linitiative.ca\/International\/et-le-marche-a-terme\/"},"modified":"2020-06-04T14:06:54","modified_gmt":"2020-06-04T18:06:54","slug":"et-le-marche-a-terme","status":"publish","type":"post","link":"https:\/\/linitiative.ca\/International\/et-le-marche-a-terme\/","title":{"rendered":"&#8230;Et le march\u00e9 \u00e0 terme?"},"content":{"rendered":"<div class=\"body\">\n<div class=\"field field-name-body field-type-text-with-summary field-label-hidden\">\n<div class=\"field-items\" readability=\"9\">\n<div class=\"field-item even\" property=\"content:encoded\" readability=\"13\">\n<p class=\"rtejustify\">Les deux sujets de la chambre de compensation et du march\u00e9 \u00e0 terme sont \u00e9troitement li\u00e9s. Indissociables, ils avancent en parall\u00e8le sauf que dans le cas du march\u00e9 \u00e0 terme, le choix technologique est plus ais\u00e9 car il s\u2019agit d\u2019une simple extension de la licence actuelle du march\u00e9 au comptant. Le plus compliqu\u00e9 est de bien cibler les produits d\u00e9riv\u00e9s prioritaires \u00e0 impl\u00e9menter sur le march\u00e9 \u00e0 terme. Un plan d\u2019action a, dans ce cadre \u00e9t\u00e9 \u00e9tabli afin de r\u00e9pondre aux exigences d\u2019\u00e9ligibilit\u00e9 d\u2019un contrat futur sur indice.<br \/><em>M.A.B.<\/em><\/p>\n<\/div>\n<\/div>\n<\/div>\n<\/div>\n<div class=\"eco-conseil\">\n<div class=\"view view-eco-conseil-16 view-id-eco_conseil_16 view-display-id-cookies view-dom-id-4d84697ff3b67307bf653bb6e6eca1f0\">\n<div class=\"view-content\">\n<div id=\"views-bootstrap-grid-1\" class=\"views-bootstrap-grid-plugin-style\">\n<div class=\"row\">\n<div class=\" col-xs-12 col-lg-4\">\n<div class=\"row\">\n<div class=\"col col-xs-12 col-lg-12\">\n<div class=\"field-content\"><a href=\"\/article\/1062894-al-mada-vaste-campagne-de-depistage-pour-les-salaries\"><img loading=\"lazy\" decoding=\"async\" class=\"img-responsive\" typeof=\"foaf:Image\" src=\"https:\/\/www.leconomiste.com\/sites\/default\/files\/eco7\/public\/styles\/800x400\/public\/default_images\/default_une.jpg?itok=4jZlgnIZ\" width=\"660\" height=\"330\" alt=\"\"\/><\/a><\/div>\n<\/div>\n<div class=\" title_suite_2 col col-xs-12 col-lg-12\"> <a href=\"\/article\/1062894-al-mada-vaste-campagne-de-depistage-pour-les-salaries\"\/><span class=\"field-content\">Article 1062894<\/span><\/div>\n<\/div>\n<\/div>\n<div class=\" col-xs-12 col-lg-4\">\n<div class=\"row\">\n<div class=\"col col-xs-12 col-lg-12\">\n<div class=\"field-content\"><a href=\"\/article\/1062893-spoliation-un-juriste-harcele-en-france\"><img loading=\"lazy\" decoding=\"async\" class=\"img-responsive\" typeof=\"foaf:Image\" src=\"https:\/\/www.leconomiste.com\/sites\/default\/files\/eco7\/public\/styles\/800x400\/public\/default_images\/default_une.jpg?itok=4jZlgnIZ\" width=\"660\" height=\"330\" alt=\"\"\/><\/a><\/div>\n<\/div>\n<div class=\" title_suite_2 col col-xs-12 col-lg-12\"> <a href=\"\/article\/1062893-spoliation-un-juriste-harcele-en-france\"\/><span class=\"field-content\">Spoliation: un juriste harcel\u00e9 en France!<\/span><\/div>\n<\/div>\n<\/div>\n<div class=\" col-xs-12 col-lg-4\">\n<div class=\"row\">\n<div class=\"col col-xs-12 col-lg-12\">\n<div class=\"field-content\"><a href=\"\/article\/1062892-emploi-amekraz-fait-le-point\"><img loading=\"lazy\" decoding=\"async\" class=\"img-responsive\" typeof=\"foaf:Image\" src=\"https:\/\/www.leconomiste.com\/sites\/default\/files\/eco7\/public\/styles\/800x400\/public\/default_images\/default_une.jpg?itok=4jZlgnIZ\" width=\"660\" height=\"330\" alt=\"\"\/><\/a><\/div>\n<\/div>\n<div class=\" title_suite_2 col col-xs-12 col-lg-12\"> <a href=\"\/article\/1062892-emploi-amekraz-fait-le-point\"\/><span class=\"field-content\">Emploi: Amekraz fait le point<\/span><\/div>\n<\/div>\n<\/div>\n<\/div>\n<\/div>\n<\/div>\n<\/div>\n<\/div>\n<p>Auteur: hlafriqi<br \/>\n<a href=\"https:\/\/www.leconomiste.com\/article\/1062890-et-le-marche-terme\">Cliquez ici pour lire l&rsquo;article depuis sa source.<\/a><\/p>\n","protected":false},"excerpt":{"rendered":"<p>Les deux sujets de la chambre de compensation et du march\u00e9 \u00e0 terme sont \u00e9troitement li\u00e9s. Indissociables, ils avancent en parall\u00e8le sauf que dans le cas du march\u00e9 \u00e0 terme, le choix technologique est plus ais\u00e9 car il s\u2019agit d\u2019une simple extension de la licence actuelle du march\u00e9 au comptant. Le plus compliqu\u00e9 est de [&hellip;]<\/p>\n","protected":false},"author":1763,"featured_media":0,"comment_status":"closed","ping_status":"closed","sticky":false,"template":"","format":"standard","meta":{"fifu_image_url":"","fifu_image_alt":"","footnotes":""},"categories":[78,54],"tags":[],"class_list":["post-87830","post","type-post","status-publish","format-standard","hentry","category-economie","category-maroc"],"_links":{"self":[{"href":"https:\/\/linitiative.ca\/International\/wp-json\/wp\/v2\/posts\/87830","targetHints":{"allow":["GET"]}}],"collection":[{"href":"https:\/\/linitiative.ca\/International\/wp-json\/wp\/v2\/posts"}],"about":[{"href":"https:\/\/linitiative.ca\/International\/wp-json\/wp\/v2\/types\/post"}],"author":[{"embeddable":true,"href":"https:\/\/linitiative.ca\/International\/wp-json\/wp\/v2\/users\/1763"}],"replies":[{"embeddable":true,"href":"https:\/\/linitiative.ca\/International\/wp-json\/wp\/v2\/comments?post=87830"}],"version-history":[{"count":0,"href":"https:\/\/linitiative.ca\/International\/wp-json\/wp\/v2\/posts\/87830\/revisions"}],"wp:attachment":[{"href":"https:\/\/linitiative.ca\/International\/wp-json\/wp\/v2\/media?parent=87830"}],"wp:term":[{"taxonomy":"category","embeddable":true,"href":"https:\/\/linitiative.ca\/International\/wp-json\/wp\/v2\/categories?post=87830"},{"taxonomy":"post_tag","embeddable":true,"href":"https:\/\/linitiative.ca\/International\/wp-json\/wp\/v2\/tags?post=87830"}],"curies":[{"name":"wp","href":"https:\/\/api.w.org\/{rel}","templated":true}]}}