{"id":87831,"date":"2020-06-04T14:08:03","date_gmt":"2020-06-04T18:08:03","guid":{"rendered":"https:\/\/linitiative.ca\/International\/tourisme-nadia-fettah-alaoui-interpellee-sur-le-plan-de-relance\/"},"modified":"2020-06-04T14:08:03","modified_gmt":"2020-06-04T18:08:03","slug":"tourisme-nadia-fettah-alaoui-interpellee-sur-le-plan-de-relance","status":"publish","type":"post","link":"https:\/\/linitiative.ca\/International\/tourisme-nadia-fettah-alaoui-interpellee-sur-le-plan-de-relance\/","title":{"rendered":"Tourisme: Nadia Fettah Alaoui interpell\u00e9e sur le plan de relance"},"content":{"rendered":"<div class=\"body\">\n<div class=\"field field-name-body field-type-text-with-summary field-label-hidden\">\n<div class=\"field-items\" readability=\"7.5\">\n<div class=\"field-item even\" property=\"content:encoded\" readability=\"10\">\n<p class=\"rtejustify\">La ministre du Tourisme et du Transport a\u00e9rien est attendu ce lundi \u00e0 la Chambre des repr\u00e9sentants. Nadia Fettah Alaoui sera interpell\u00e9e par les groupes parlementaires sur le plan de relance et les mesures d\u2019accompagnement pr\u00e9vues en faveur des professionnels du tourisme. Elle devra \u00e9galement pr\u00e9senter le bilan des r\u00e9percussions de la crise du Covid-19 sur les secteurs du transport a\u00e9rien et de l\u2019\u00e9conomie sociale.<br \/><em>M.A.M.<\/em><\/p>\n<\/div>\n<\/div>\n<\/div>\n<\/div>\n<div class=\"eco-conseil\">\n<div class=\"view view-eco-conseil-16 view-id-eco_conseil_16 view-display-id-cookies view-dom-id-9f805206aeb67127d6abffecae2c945f\">\n<div class=\"view-content\">\n<div id=\"views-bootstrap-grid-1\" class=\"views-bootstrap-grid-plugin-style\">\n<div class=\"row\">\n<div class=\" col-xs-12 col-lg-4\">\n<div class=\"row\">\n<div class=\"col col-xs-12 col-lg-12\">\n<div class=\"field-content\"><a href=\"\/article\/1062894-al-mada-vaste-campagne-de-depistage-pour-les-salaries\"><img loading=\"lazy\" decoding=\"async\" class=\"img-responsive\" typeof=\"foaf:Image\" src=\"https:\/\/www.leconomiste.com\/sites\/default\/files\/eco7\/public\/styles\/800x400\/public\/default_images\/default_une.jpg?itok=4jZlgnIZ\" width=\"660\" height=\"330\" alt=\"\"\/><\/a><\/div>\n<\/div>\n<div class=\" title_suite_2 col col-xs-12 col-lg-12\"> <a href=\"\/article\/1062894-al-mada-vaste-campagne-de-depistage-pour-les-salaries\"\/><span class=\"field-content\">Article 1062894<\/span><\/div>\n<\/div>\n<\/div>\n<div class=\" col-xs-12 col-lg-4\">\n<div class=\"row\">\n<div class=\"col col-xs-12 col-lg-12\">\n<div class=\"field-content\"><a href=\"\/article\/1062893-spoliation-un-juriste-harcele-en-france\"><img loading=\"lazy\" decoding=\"async\" class=\"img-responsive\" typeof=\"foaf:Image\" src=\"https:\/\/www.leconomiste.com\/sites\/default\/files\/eco7\/public\/styles\/800x400\/public\/default_images\/default_une.jpg?itok=4jZlgnIZ\" width=\"660\" height=\"330\" alt=\"\"\/><\/a><\/div>\n<\/div>\n<div class=\" title_suite_2 col col-xs-12 col-lg-12\"> <a href=\"\/article\/1062893-spoliation-un-juriste-harcele-en-france\"\/><span class=\"field-content\">Spoliation: un juriste harcel\u00e9 en France!<\/span><\/div>\n<\/div>\n<\/div>\n<div class=\" col-xs-12 col-lg-4\">\n<div class=\"row\">\n<div class=\"col col-xs-12 col-lg-12\">\n<div class=\"field-content\"><a href=\"\/article\/1062892-emploi-amekraz-fait-le-point\"><img loading=\"lazy\" decoding=\"async\" class=\"img-responsive\" typeof=\"foaf:Image\" src=\"https:\/\/www.leconomiste.com\/sites\/default\/files\/eco7\/public\/styles\/800x400\/public\/default_images\/default_une.jpg?itok=4jZlgnIZ\" width=\"660\" height=\"330\" alt=\"\"\/><\/a><\/div>\n<\/div>\n<div class=\" title_suite_2 col col-xs-12 col-lg-12\"> <a href=\"\/article\/1062892-emploi-amekraz-fait-le-point\"\/><span class=\"field-content\">Emploi: Amekraz fait le point<\/span><\/div>\n<\/div>\n<\/div>\n<\/div>\n<\/div>\n<\/div>\n<\/div>\n<\/div>\n<p>Auteur: hlafriqi<br \/>\n<a href=\"https:\/\/www.leconomiste.com\/article\/1062891-tourisme-nadia-fettah-alaoui-interpellee-sur-le-plan-de-relance\">Cliquez ici pour lire l&rsquo;article depuis sa source.<\/a><\/p>\n","protected":false},"excerpt":{"rendered":"<p>La ministre du Tourisme et du Transport a\u00e9rien est attendu ce lundi \u00e0 la Chambre des repr\u00e9sentants. Nadia Fettah Alaoui sera interpell\u00e9e par les groupes parlementaires sur le plan de relance et les mesures d\u2019accompagnement pr\u00e9vues en faveur des professionnels du tourisme. Elle devra \u00e9galement pr\u00e9senter le bilan des r\u00e9percussions de la crise du Covid-19 [&hellip;]<\/p>\n","protected":false},"author":1763,"featured_media":0,"comment_status":"closed","ping_status":"closed","sticky":false,"template":"","format":"standard","meta":{"fifu_image_url":"","fifu_image_alt":"","footnotes":""},"categories":[78,54],"tags":[],"class_list":["post-87831","post","type-post","status-publish","format-standard","hentry","category-economie","category-maroc"],"_links":{"self":[{"href":"https:\/\/linitiative.ca\/International\/wp-json\/wp\/v2\/posts\/87831","targetHints":{"allow":["GET"]}}],"collection":[{"href":"https:\/\/linitiative.ca\/International\/wp-json\/wp\/v2\/posts"}],"about":[{"href":"https:\/\/linitiative.ca\/International\/wp-json\/wp\/v2\/types\/post"}],"author":[{"embeddable":true,"href":"https:\/\/linitiative.ca\/International\/wp-json\/wp\/v2\/users\/1763"}],"replies":[{"embeddable":true,"href":"https:\/\/linitiative.ca\/International\/wp-json\/wp\/v2\/comments?post=87831"}],"version-history":[{"count":0,"href":"https:\/\/linitiative.ca\/International\/wp-json\/wp\/v2\/posts\/87831\/revisions"}],"wp:attachment":[{"href":"https:\/\/linitiative.ca\/International\/wp-json\/wp\/v2\/media?parent=87831"}],"wp:term":[{"taxonomy":"category","embeddable":true,"href":"https:\/\/linitiative.ca\/International\/wp-json\/wp\/v2\/categories?post=87831"},{"taxonomy":"post_tag","embeddable":true,"href":"https:\/\/linitiative.ca\/International\/wp-json\/wp\/v2\/tags?post=87831"}],"curies":[{"name":"wp","href":"https:\/\/api.w.org\/{rel}","templated":true}]}}