{"id":87832,"date":"2020-06-04T14:09:09","date_gmt":"2020-06-04T18:09:09","guid":{"rendered":"https:\/\/linitiative.ca\/International\/emploi-amekraz-fait-le-point\/"},"modified":"2020-06-04T14:09:09","modified_gmt":"2020-06-04T18:09:09","slug":"emploi-amekraz-fait-le-point","status":"publish","type":"post","link":"https:\/\/linitiative.ca\/International\/emploi-amekraz-fait-le-point\/","title":{"rendered":"Emploi: Amekraz fait le point"},"content":{"rendered":"<div class=\"body\">\n<div class=\"field field-name-body field-type-text-with-summary field-label-hidden\">\n<div class=\"field-items\" readability=\"10\">\n<div class=\"field-item even\" property=\"content:encoded\" readability=\"15\">\n<p class=\"rtejustify\">La Commission des secteurs sociaux a programm\u00e9 une r\u00e9union, mardi prochain, pour se pencher sur la situation du march\u00e9 d\u2019emploi. Mohamed Amekraz, ministre du Travail, devra faire le point sur les mesures pr\u00e9vues pour la redynamisation des cr\u00e9ations d\u2019emplois. Il sera \u00e9galement interrog\u00e9 sur les probl\u00e8mes rencontr\u00e9s par certaines cat\u00e9gories de salari\u00e9s, n\u2019ayant pas eu acc\u00e8s au soutien public pr\u00e9vu au profit des personnes en arr\u00eat d\u2019activit\u00e9 durant la p\u00e9riode d\u2019\u00e9tat d\u2019urgence sanitaire.<br \/><em>\u00a0M.A.M.<\/em><\/p>\n<\/div>\n<\/div>\n<\/div>\n<\/div>\n<div class=\"eco-conseil\">\n<div class=\"view view-eco-conseil-16 view-id-eco_conseil_16 view-display-id-cookies view-dom-id-64d7170c491ad90e649b2ddf552c05f9\">\n<div class=\"view-content\">\n<div id=\"views-bootstrap-grid-1\" class=\"views-bootstrap-grid-plugin-style\">\n<div class=\"row\">\n<div class=\" col-xs-12 col-lg-4\">\n<div class=\"row\">\n<div class=\"col col-xs-12 col-lg-12\">\n<div class=\"field-content\"><a href=\"\/article\/1062894-al-mada-vaste-campagne-de-depistage-pour-les-salaries\"><img loading=\"lazy\" decoding=\"async\" class=\"img-responsive\" typeof=\"foaf:Image\" src=\"https:\/\/www.leconomiste.com\/sites\/default\/files\/eco7\/public\/styles\/800x400\/public\/default_images\/default_une.jpg?itok=4jZlgnIZ\" width=\"660\" height=\"330\" alt=\"\"\/><\/a><\/div>\n<\/div>\n<div class=\" title_suite_2 col col-xs-12 col-lg-12\"> <a href=\"\/article\/1062894-al-mada-vaste-campagne-de-depistage-pour-les-salaries\"\/><span class=\"field-content\">Article 1062894<\/span><\/div>\n<\/div>\n<\/div>\n<div class=\" col-xs-12 col-lg-4\">\n<div class=\"row\">\n<div class=\"col col-xs-12 col-lg-12\">\n<div class=\"field-content\"><a href=\"\/article\/1062893-spoliation-un-juriste-harcele-en-france\"><img loading=\"lazy\" decoding=\"async\" class=\"img-responsive\" typeof=\"foaf:Image\" src=\"https:\/\/www.leconomiste.com\/sites\/default\/files\/eco7\/public\/styles\/800x400\/public\/default_images\/default_une.jpg?itok=4jZlgnIZ\" width=\"660\" height=\"330\" alt=\"\"\/><\/a><\/div>\n<\/div>\n<div class=\" title_suite_2 col col-xs-12 col-lg-12\"> <a href=\"\/article\/1062893-spoliation-un-juriste-harcele-en-france\"\/><span class=\"field-content\">Spoliation: un juriste harcel\u00e9 en France!<\/span><\/div>\n<\/div>\n<\/div>\n<div class=\" col-xs-12 col-lg-4\">\n<div class=\"row\">\n<div class=\"col col-xs-12 col-lg-12\">\n<div class=\"field-content\"><a href=\"\/article\/1062891-tourisme-nadia-fettah-alaoui-interpellee-sur-le-plan-de-relance\"><img loading=\"lazy\" decoding=\"async\" class=\"img-responsive\" typeof=\"foaf:Image\" src=\"https:\/\/www.leconomiste.com\/sites\/default\/files\/eco7\/public\/styles\/800x400\/public\/default_images\/default_une.jpg?itok=4jZlgnIZ\" width=\"660\" height=\"330\" alt=\"\"\/><\/a><\/div>\n<\/div>\n<div class=\" title_suite_2 col col-xs-12 col-lg-12\"> <a href=\"\/article\/1062891-tourisme-nadia-fettah-alaoui-interpellee-sur-le-plan-de-relance\"\/><span class=\"field-content\">Tourisme: Nadia Fettah Alaoui interpell\u00e9e sur le plan de relance<\/span><\/div>\n<\/div>\n<\/div>\n<\/div>\n<\/div>\n<\/div>\n<\/div>\n<\/div>\n<p>Auteur: hlafriqi<br \/>\n<a href=\"https:\/\/www.leconomiste.com\/article\/1062892-emploi-amekraz-fait-le-point\">Cliquez ici pour lire l&rsquo;article depuis sa source.<\/a><\/p>\n","protected":false},"excerpt":{"rendered":"<p>La Commission des secteurs sociaux a programm\u00e9 une r\u00e9union, mardi prochain, pour se pencher sur la situation du march\u00e9 d\u2019emploi. Mohamed Amekraz, ministre du Travail, devra faire le point sur les mesures pr\u00e9vues pour la redynamisation des cr\u00e9ations d\u2019emplois. Il sera \u00e9galement interrog\u00e9 sur les probl\u00e8mes rencontr\u00e9s par certaines cat\u00e9gories de salari\u00e9s, n\u2019ayant pas eu [&hellip;]<\/p>\n","protected":false},"author":1763,"featured_media":0,"comment_status":"closed","ping_status":"closed","sticky":false,"template":"","format":"standard","meta":{"fifu_image_url":"","fifu_image_alt":"","footnotes":""},"categories":[78,54],"tags":[],"class_list":["post-87832","post","type-post","status-publish","format-standard","hentry","category-economie","category-maroc"],"_links":{"self":[{"href":"https:\/\/linitiative.ca\/International\/wp-json\/wp\/v2\/posts\/87832","targetHints":{"allow":["GET"]}}],"collection":[{"href":"https:\/\/linitiative.ca\/International\/wp-json\/wp\/v2\/posts"}],"about":[{"href":"https:\/\/linitiative.ca\/International\/wp-json\/wp\/v2\/types\/post"}],"author":[{"embeddable":true,"href":"https:\/\/linitiative.ca\/International\/wp-json\/wp\/v2\/users\/1763"}],"replies":[{"embeddable":true,"href":"https:\/\/linitiative.ca\/International\/wp-json\/wp\/v2\/comments?post=87832"}],"version-history":[{"count":0,"href":"https:\/\/linitiative.ca\/International\/wp-json\/wp\/v2\/posts\/87832\/revisions"}],"wp:attachment":[{"href":"https:\/\/linitiative.ca\/International\/wp-json\/wp\/v2\/media?parent=87832"}],"wp:term":[{"taxonomy":"category","embeddable":true,"href":"https:\/\/linitiative.ca\/International\/wp-json\/wp\/v2\/categories?post=87832"},{"taxonomy":"post_tag","embeddable":true,"href":"https:\/\/linitiative.ca\/International\/wp-json\/wp\/v2\/tags?post=87832"}],"curies":[{"name":"wp","href":"https:\/\/api.w.org\/{rel}","templated":true}]}}