{"id":87833,"date":"2020-06-04T14:10:02","date_gmt":"2020-06-04T18:10:02","guid":{"rendered":"https:\/\/linitiative.ca\/International\/spoliation-un-juriste-harcele-en-france\/"},"modified":"2020-06-04T14:10:02","modified_gmt":"2020-06-04T18:10:02","slug":"spoliation-un-juriste-harcele-en-france","status":"publish","type":"post","link":"https:\/\/linitiative.ca\/International\/spoliation-un-juriste-harcele-en-france\/","title":{"rendered":"Spoliation: un juriste harcel\u00e9 en France!"},"content":{"rendered":"<div class=\"author\" readability=\"5.7931034482759\"> Par <a href=\"\/content\/jihad-rizk\">Jihad RIZK <\/a> <a href=\"\/node\/\"> <\/a> | Edition N\u00b0:5776 Le 05\/06\/2020 | Partager <\/div>\n<div class=\"body\">\n<div class=\"field field-name-body field-type-text-with-summary field-label-hidden\">\n<div class=\"field-items\" readability=\"15\">\n<div class=\"field-item even\" property=\"content:encoded\" readability=\"25\">\n<p class=\"rtejustify\">Le juriste Moussa Elkhal, sp\u00e9cialis\u00e9 dans les affaires de spoliation de biens, se plaint d\u2019\u00eatre harcel\u00e9, en France o\u00f9 il r\u00e9side. Sa famille est elle-m\u00eame harcel\u00e9e, comme l\u2019indique le quotidien r\u00e9gional, Le Dauphin\u00e9 lib\u00e9r\u00e9, dans une longue enqu\u00eate, bien document\u00e9e. Elkhal a expliqu\u00e9 qu\u2019il avait fallu une intervention Royale et publique, pour d\u00e9cider le ministre de la justice de l\u2019\u00e9poque, Mustapha Ramid, \u00e0 commencer \u00e0 s\u2019y int\u00e9resser. Son successeur, Aujjar, avait propos\u00e9 une r\u00e9forme de la Conservation fonci\u00e8re.\u00a0 Il est donc devenu \u00e0 peine moins simple de s\u2019emparer des biens d\u2019autrui. Des faux documents et des complicit\u00e9s dans le monde de la justice permettent toujours de spolier les biens au Maroc. La nouveaut\u00e9 tient en ce que ces r\u00e9seaux commencent \u00e0 \u00eatre infiltr\u00e9s par des trafiquants de drogue, condamn\u00e9s en France, explique le journal. Moussa Elkhal s\u2019occupe de ces dossiers, ce qui lui vaut d\u2019\u00eatre harcel\u00e9 jusque chez lui.<br \/><em>\u00a0J.R.<\/em><\/p>\n<\/div>\n<\/div>\n<\/div>\n<\/div>\n<div class=\"eco-conseil\">\n<div class=\"view view-eco-conseil-16 view-id-eco_conseil_16 view-display-id-cookies view-dom-id-fd4bd95800bd4db264711c876b45ccf7\">\n<div class=\"view-content\">\n<div id=\"views-bootstrap-grid-1\" class=\"views-bootstrap-grid-plugin-style\">\n<div class=\"row\">\n<div class=\" col-xs-12 col-lg-4\">\n<div class=\"row\">\n<div class=\"col col-xs-12 col-lg-12\">\n<div class=\"field-content\"><a href=\"\/article\/1062894-al-mada-vaste-campagne-de-depistage-pour-les-salaries\"><img loading=\"lazy\" decoding=\"async\" class=\"img-responsive\" typeof=\"foaf:Image\" src=\"https:\/\/www.leconomiste.com\/sites\/default\/files\/eco7\/public\/styles\/800x400\/public\/default_images\/default_une.jpg?itok=4jZlgnIZ\" width=\"660\" height=\"330\" alt=\"\"\/><\/a><\/div>\n<\/div>\n<div class=\" title_suite_2 col col-xs-12 col-lg-12\"> <a href=\"\/article\/1062894-al-mada-vaste-campagne-de-depistage-pour-les-salaries\"\/><span class=\"field-content\">Article 1062894<\/span><\/div>\n<\/div>\n<\/div>\n<div class=\" col-xs-12 col-lg-4\">\n<div class=\"row\">\n<div class=\"col col-xs-12 col-lg-12\">\n<div class=\"field-content\"><a href=\"\/article\/1062892-emploi-amekraz-fait-le-point\"><img loading=\"lazy\" decoding=\"async\" class=\"img-responsive\" typeof=\"foaf:Image\" src=\"https:\/\/www.leconomiste.com\/sites\/default\/files\/eco7\/public\/styles\/800x400\/public\/default_images\/default_une.jpg?itok=4jZlgnIZ\" width=\"660\" height=\"330\" alt=\"\"\/><\/a><\/div>\n<\/div>\n<div class=\" title_suite_2 col col-xs-12 col-lg-12\"> <a href=\"\/article\/1062892-emploi-amekraz-fait-le-point\"\/><span class=\"field-content\">Emploi: Amekraz fait le point<\/span><\/div>\n<\/div>\n<\/div>\n<div class=\" col-xs-12 col-lg-4\">\n<div class=\"row\">\n<div class=\"col col-xs-12 col-lg-12\">\n<div class=\"field-content\"><a href=\"\/article\/1062891-tourisme-nadia-fettah-alaoui-interpellee-sur-le-plan-de-relance\"><img loading=\"lazy\" decoding=\"async\" class=\"img-responsive\" typeof=\"foaf:Image\" src=\"https:\/\/www.leconomiste.com\/sites\/default\/files\/eco7\/public\/styles\/800x400\/public\/default_images\/default_une.jpg?itok=4jZlgnIZ\" width=\"660\" height=\"330\" alt=\"\"\/><\/a><\/div>\n<\/div>\n<div class=\" title_suite_2 col col-xs-12 col-lg-12\"> <a href=\"\/article\/1062891-tourisme-nadia-fettah-alaoui-interpellee-sur-le-plan-de-relance\"\/><span class=\"field-content\">Tourisme: Nadia Fettah Alaoui interpell\u00e9e sur le plan de relance<\/span><\/div>\n<\/div>\n<\/div>\n<\/div>\n<\/div>\n<\/div>\n<\/div>\n<\/div>\n<p>Auteur: hlafriqi<br \/>\n<a href=\"https:\/\/www.leconomiste.com\/article\/1062893-spoliation-un-juriste-harcele-en-france\">Cliquez ici pour lire l&rsquo;article depuis sa source.<\/a><\/p>\n","protected":false},"excerpt":{"rendered":"<p>Par Jihad RIZK | Edition N\u00b0:5776 Le 05\/06\/2020 | Partager Le juriste Moussa Elkhal, sp\u00e9cialis\u00e9 dans les affaires de spoliation de biens, se plaint d\u2019\u00eatre harcel\u00e9, en France o\u00f9 il r\u00e9side. Sa famille est elle-m\u00eame harcel\u00e9e, comme l\u2019indique le quotidien r\u00e9gional, Le Dauphin\u00e9 lib\u00e9r\u00e9, dans une longue enqu\u00eate, bien document\u00e9e. Elkhal a expliqu\u00e9 qu\u2019il avait [&hellip;]<\/p>\n","protected":false},"author":1763,"featured_media":0,"comment_status":"closed","ping_status":"closed","sticky":false,"template":"","format":"standard","meta":{"fifu_image_url":"","fifu_image_alt":"","footnotes":""},"categories":[78,54],"tags":[],"class_list":["post-87833","post","type-post","status-publish","format-standard","hentry","category-economie","category-maroc"],"_links":{"self":[{"href":"https:\/\/linitiative.ca\/International\/wp-json\/wp\/v2\/posts\/87833","targetHints":{"allow":["GET"]}}],"collection":[{"href":"https:\/\/linitiative.ca\/International\/wp-json\/wp\/v2\/posts"}],"about":[{"href":"https:\/\/linitiative.ca\/International\/wp-json\/wp\/v2\/types\/post"}],"author":[{"embeddable":true,"href":"https:\/\/linitiative.ca\/International\/wp-json\/wp\/v2\/users\/1763"}],"replies":[{"embeddable":true,"href":"https:\/\/linitiative.ca\/International\/wp-json\/wp\/v2\/comments?post=87833"}],"version-history":[{"count":0,"href":"https:\/\/linitiative.ca\/International\/wp-json\/wp\/v2\/posts\/87833\/revisions"}],"wp:attachment":[{"href":"https:\/\/linitiative.ca\/International\/wp-json\/wp\/v2\/media?parent=87833"}],"wp:term":[{"taxonomy":"category","embeddable":true,"href":"https:\/\/linitiative.ca\/International\/wp-json\/wp\/v2\/categories?post=87833"},{"taxonomy":"post_tag","embeddable":true,"href":"https:\/\/linitiative.ca\/International\/wp-json\/wp\/v2\/tags?post=87833"}],"curies":[{"name":"wp","href":"https:\/\/api.w.org\/{rel}","templated":true}]}}