{"id":87834,"date":"2020-06-04T14:11:08","date_gmt":"2020-06-04T18:11:08","guid":{"rendered":"https:\/\/linitiative.ca\/International\/article-1062894\/"},"modified":"2020-06-04T14:11:08","modified_gmt":"2020-06-04T18:11:08","slug":"article-1062894","status":"publish","type":"post","link":"https:\/\/linitiative.ca\/International\/article-1062894\/","title":{"rendered":"Article 1062894"},"content":{"rendered":"<div class=\"body\">\n<div class=\"field field-name-body field-type-text-with-summary field-label-hidden\">\n<div class=\"field-items\" readability=\"9\">\n<div class=\"field-item even\" property=\"content:encoded\" readability=\"13\">\n<p class=\"rtejustify\">Action in\u00e9dite pour la Fondation Al Mada. Elle vient ainsi de lancer une vaste campagne de d\u00e9pistage Covid-19. L\u2019op\u00e9ration concerne exclusivement l\u2019ensemble des salari\u00e9s du groupe Al Mada. Int\u00e9gralement prise en charge par Al Mada, la campagne de d\u00e9pistage sera r\u00e9alis\u00e9e, en partenariat avec l\u2019h\u00f4pital Chekh Zayed, par des unit\u00e9s mobiles. Il s\u2019agit de tests PCR et s\u00e9rologiques. Cette campagne entre dans le cadre de la strat\u00e9gie nationale de lutte contre la propagation du coronavirus.<br \/><em>\u00a0M.A.B. <\/em><\/p>\n<\/div>\n<\/div>\n<\/div>\n<\/div>\n<div class=\"eco-conseil\">\n<div class=\"view view-eco-conseil-16 view-id-eco_conseil_16 view-display-id-cookies view-dom-id-d311d803680e7eb2ad59347b5d40722f\">\n<div class=\"view-content\">\n<div id=\"views-bootstrap-grid-1\" class=\"views-bootstrap-grid-plugin-style\">\n<div class=\"row\">\n<div class=\" col-xs-12 col-lg-4\">\n<div class=\"row\">\n<div class=\"col col-xs-12 col-lg-12\">\n<div class=\"field-content\"><a href=\"\/article\/1062893-spoliation-un-juriste-harcele-en-france\"><img loading=\"lazy\" decoding=\"async\" class=\"img-responsive\" typeof=\"foaf:Image\" src=\"https:\/\/www.leconomiste.com\/sites\/default\/files\/eco7\/public\/styles\/800x400\/public\/default_images\/default_une.jpg?itok=4jZlgnIZ\" width=\"660\" height=\"330\" alt=\"\"\/><\/a><\/div>\n<\/div>\n<div class=\" title_suite_2 col col-xs-12 col-lg-12\"> <a href=\"\/article\/1062893-spoliation-un-juriste-harcele-en-france\"\/><span class=\"field-content\">Spoliation: un juriste harcel\u00e9 en France!<\/span><\/div>\n<\/div>\n<\/div>\n<div class=\" col-xs-12 col-lg-4\">\n<div class=\"row\">\n<div class=\"col col-xs-12 col-lg-12\">\n<div class=\"field-content\"><a href=\"\/article\/1062892-emploi-amekraz-fait-le-point\"><img loading=\"lazy\" decoding=\"async\" class=\"img-responsive\" typeof=\"foaf:Image\" src=\"https:\/\/www.leconomiste.com\/sites\/default\/files\/eco7\/public\/styles\/800x400\/public\/default_images\/default_une.jpg?itok=4jZlgnIZ\" width=\"660\" height=\"330\" alt=\"\"\/><\/a><\/div>\n<\/div>\n<div class=\" title_suite_2 col col-xs-12 col-lg-12\"> <a href=\"\/article\/1062892-emploi-amekraz-fait-le-point\"\/><span class=\"field-content\">Emploi: Amekraz fait le point<\/span><\/div>\n<\/div>\n<\/div>\n<div class=\" col-xs-12 col-lg-4\">\n<div class=\"row\">\n<div class=\"col col-xs-12 col-lg-12\">\n<div class=\"field-content\"><a href=\"\/article\/1062891-tourisme-nadia-fettah-alaoui-interpellee-sur-le-plan-de-relance\"><img loading=\"lazy\" decoding=\"async\" class=\"img-responsive\" typeof=\"foaf:Image\" src=\"https:\/\/www.leconomiste.com\/sites\/default\/files\/eco7\/public\/styles\/800x400\/public\/default_images\/default_une.jpg?itok=4jZlgnIZ\" width=\"660\" height=\"330\" alt=\"\"\/><\/a><\/div>\n<\/div>\n<div class=\" title_suite_2 col col-xs-12 col-lg-12\"> <a href=\"\/article\/1062891-tourisme-nadia-fettah-alaoui-interpellee-sur-le-plan-de-relance\"\/><span class=\"field-content\">Tourisme: Nadia Fettah Alaoui interpell\u00e9e sur le plan de relance<\/span><\/div>\n<\/div>\n<\/div>\n<\/div>\n<\/div>\n<\/div>\n<\/div>\n<\/div>\n<p>Auteur: hlafriqi<br \/>\n<a href=\"https:\/\/www.leconomiste.com\/article\/1062894-al-mada-vaste-campagne-de-depistage-pour-les-salaries\">Cliquez ici pour lire l&rsquo;article depuis sa source.<\/a><\/p>\n","protected":false},"excerpt":{"rendered":"<p>Action in\u00e9dite pour la Fondation Al Mada. Elle vient ainsi de lancer une vaste campagne de d\u00e9pistage Covid-19. L\u2019op\u00e9ration concerne exclusivement l\u2019ensemble des salari\u00e9s du groupe Al Mada. Int\u00e9gralement prise en charge par Al Mada, la campagne de d\u00e9pistage sera r\u00e9alis\u00e9e, en partenariat avec l\u2019h\u00f4pital Chekh Zayed, par des unit\u00e9s mobiles. Il s\u2019agit de tests [&hellip;]<\/p>\n","protected":false},"author":1763,"featured_media":0,"comment_status":"closed","ping_status":"closed","sticky":false,"template":"","format":"standard","meta":{"fifu_image_url":"","fifu_image_alt":"","footnotes":""},"categories":[78,54],"tags":[],"class_list":["post-87834","post","type-post","status-publish","format-standard","hentry","category-economie","category-maroc"],"_links":{"self":[{"href":"https:\/\/linitiative.ca\/International\/wp-json\/wp\/v2\/posts\/87834","targetHints":{"allow":["GET"]}}],"collection":[{"href":"https:\/\/linitiative.ca\/International\/wp-json\/wp\/v2\/posts"}],"about":[{"href":"https:\/\/linitiative.ca\/International\/wp-json\/wp\/v2\/types\/post"}],"author":[{"embeddable":true,"href":"https:\/\/linitiative.ca\/International\/wp-json\/wp\/v2\/users\/1763"}],"replies":[{"embeddable":true,"href":"https:\/\/linitiative.ca\/International\/wp-json\/wp\/v2\/comments?post=87834"}],"version-history":[{"count":0,"href":"https:\/\/linitiative.ca\/International\/wp-json\/wp\/v2\/posts\/87834\/revisions"}],"wp:attachment":[{"href":"https:\/\/linitiative.ca\/International\/wp-json\/wp\/v2\/media?parent=87834"}],"wp:term":[{"taxonomy":"category","embeddable":true,"href":"https:\/\/linitiative.ca\/International\/wp-json\/wp\/v2\/categories?post=87834"},{"taxonomy":"post_tag","embeddable":true,"href":"https:\/\/linitiative.ca\/International\/wp-json\/wp\/v2\/tags?post=87834"}],"curies":[{"name":"wp","href":"https:\/\/api.w.org\/{rel}","templated":true}]}}