{"id":87835,"date":"2020-06-04T10:30:00","date_gmt":"2020-06-04T14:30:00","guid":{"rendered":"https:\/\/linitiative.ca\/International\/les-prochaines-editons-des-deux-epreuves-posent-un-nouveau-dilemme-a-la-confederation-africaine\/"},"modified":"2020-06-04T10:30:00","modified_gmt":"2020-06-04T14:30:00","slug":"les-prochaines-editons-des-deux-epreuves-posent-un-nouveau-dilemme-a-la-confederation-africaine","status":"publish","type":"post","link":"https:\/\/linitiative.ca\/International\/les-prochaines-editons-des-deux-epreuves-posent-un-nouveau-dilemme-a-la-confederation-africaine\/","title":{"rendered":"Les prochaines \u00e9ditons\u00a0des deux \u00e9preuves posent un nouveau dilemme\u00a0 \u00e0 la Conf\u00e9d\u00e9ration africaine\u00a0!"},"content":{"rendered":"<p>En d\u00e9cidant de boucler la Ligue des Champions et la coupe de la CAF(2019-2020)<\/p>\n<footer class=\"submitted clearfix\">\n<p><span class=\"date-display-single\" property=\"dc:date\" datatype=\"xsd:dateTime\" content=\"2020-06-04T00:00:00+01:00\">Jeudi 4 Juin 2020<\/span><\/p>\n<\/footer>\n<div class=\"content clearfix\" readability=\"42.387387387387\"><span class=\"print-link\"><span class=\"print_html\"><a href=\"http:\/\/www.letemps.com.tn\/print\/114436\" title=\"Display a printer-friendly version of this page.\" class=\"print-page\" onclick=\"window.open(this.href); return false\" rel=\"nofollow\"><img decoding=\"async\" class=\"print-icon\" typeof=\"foaf:Image\" src=\"http:\/\/www.letemps.com.tn\/sites\/all\/modules\/print\/icons\/print_icon.gif\" alt=\"\u0646\u0633\u062e\u0629 \u0644\u0644\u0637\u0628\u0627\u0639\u0629\" title=\"\u0646\u0633\u062e\u0629 \u0644\u0644\u0637\u0628\u0627\u0639\u0629\"\/><\/a><\/span><\/span><\/p>\n<div class=\"beacon9-social\">\n<p><iframe src=\"http:\/\/www.facebook.com\/plugins\/like.php?href=http%3A%2F%2Fwww.letemps.com.tn%2Farticle%2F114436%2Fles-prochaines-%25C3%25A9ditons%25C2%25A0des-deux-%25C3%25A9preuves-posent-un-nouveau-dilemme%25C2%25A0-%25C3%25A0-la&amp;layout=button_count&amp;show_faces=false&amp;action=like&amp;font=arial&amp;colorscheme=light\" scrolling=\"no\" frameborder=\"0\" class=\"c1\" allowtransparency=\"true\">[embedded content]<\/iframe><\/p>\n<\/div>\n<div class=\"field field-name-field-op-main-image field-type-image field-label-hidden field-items field-item even\"><img loading=\"lazy\" decoding=\"async\" typeof=\"foaf:Image\" src=\"http:\/\/www.letemps.com.tn\/sites\/www.letemps.com.tn\/files\/styles\/620px_wide\/public\/main\/articles\/p14-coul-n1_1.JPG\" width=\"288\" height=\"175\" alt=\"\"\/><\/div>\n<div class=\"field field-name-body field-type-text-with-summary field-label-hidden field-items field-item even\" readability=\"55\">\n<p class=\"p1 c3\"><span class=\"c2\">Ayant donc d\u00e9cid\u00e9 de boucler la Ligue des Champions et la coupe de la Conf\u00e9d\u00e9ration qui ont \u00e9t\u00e9 stopp\u00e9es au stade des demi-finales \u00e0 cause de la pand\u00e9mie du covid 19, la Conf\u00e9d\u00e9ration Africaine de Football se voit confront\u00e9e \u00e0 un autre probl\u00e8me d\u00e9coulant de l\u2019organisation des prochaines \u00e9ditions de ces deux \u00e9preuves. En effet et quel que soit celui des deux sc\u00e9narios envisag\u00e9s pour le bouclage des deux coupes (voir \u00e0 ce propos le Temps du sport d\u2019hier), il lui sera impossible de d\u00e9buter les prochaines \u00e9ditions de ces deux comp\u00e9titions pour la saison 2020-2021 au mois d\u2019ao\u00fbt comme c\u2019est d\u2019usage habituellement. En principe le coup d\u2019envoi des deux prochaines coupes continentales des clubs devrait serait donn\u00e9 au mois d\u2019octobre prochain Aussi et pour esp\u00e9rer les boucler au mois\u00a0de mai 2021 , l\u2019instance africaine du football a pr\u00e9vu trois solutions pour raccourcir le parcours de ces deux \u00e9preuves.<\/span><\/p>\n<p class=\"p2 c4\">\u00a0<\/p>\n<p class=\"p3 c5\"><span class=\"c2\"><strong>Les trois alternatives envisag\u00e9es pour raccourcir le parcours<span class=\"Apple-converted-space\">\u00a0<\/span><\/strong><\/span><\/p>\n<p class=\"p3 c5\"><span class=\"c2\"><strong>des\u00a0deux Coupes <span class=\"Apple-converted-space\">\u00a0<\/span><\/strong><\/span><\/p>\n<p class=\"p1 c3\"><span class=\"c2\">La premi\u00e8re solution envisag\u00e9e consiste \u00e0 \u00e9liminer\u00a0le tour des 16\u00e8mes de finale bis qui pr\u00e9c\u00e8de la phase de poules, qui oppose les \u00e9quipes qualifi\u00e9es du premier tour de la coupe de la CAF \u00e0 celles qui ont \u00e9t\u00e9 \u00e9limin\u00e9es des\u00a016\u00e8mes de la Ligue des Champions.<\/span><\/p>\n<p class=\"p1 c3\"><span class=\"c2\">La deuxi\u00e8me possibilit\u00e9 consiste \u00e0\u00a0supprimer le tour des quarts de finale des deux \u00e9preuves. Les deux premi\u00e8res\u00a0\u00e9quipes class\u00e9es de quatre poules compos\u00e9es\u00a0 chacune de quatre participants seront directement\u00a0qualifi\u00e9es en demi-finales\u00a0<\/span><\/p>\n<p class=\"p1 c3\"><span class=\"c2\">La troisi\u00e8me \u00e9ventualit\u00e9 \u00e0 l\u2019\u00e9tude consiste \u00e0 organiser pour chacune des deux coupes \u00e0 l\u2019instar de ce qui se fait dans d\u2019autres sports collectifs \u2018un final Tour \u2018 dans un pays neutre qui accueillera les demi-finales et la finale, sans le recours \u00e0 la formule de l\u2019aller et retour.<\/span><\/p>\n<p class=\"p4 c6\">\u00a0<\/p>\n<p class=\"p5 c7\"><span class=\"c2\"><strong>Ameur KERKENNI<\/strong><\/span><\/p>\n<\/div>\n<\/div>\n<p>Auteur: letemps1<br \/>\n<a href=\"http:\/\/www.letemps.com.tn\/article\/114436\/les-prochaines-%C3%A9ditons%C2%A0des-deux-%C3%A9preuves-posent-un-nouveau-dilemme%C2%A0-%C3%A0-la\">Cliquez ici pour lire l&rsquo;article depuis sa source.<\/a><\/p>\n","protected":false},"excerpt":{"rendered":"<p>En d\u00e9cidant de boucler la Ligue des Champions et la coupe de la CAF(2019-2020) Jeudi 4 Juin 2020 [embedded content] Ayant donc d\u00e9cid\u00e9 de boucler la Ligue des Champions et la coupe de la Conf\u00e9d\u00e9ration qui ont \u00e9t\u00e9 stopp\u00e9es au stade des demi-finales \u00e0 cause de la pand\u00e9mie du covid 19, la Conf\u00e9d\u00e9ration Africaine de [&hellip;]<\/p>\n","protected":false},"author":1773,"featured_media":87836,"comment_status":"closed","ping_status":"closed","sticky":false,"template":"","format":"standard","meta":{"fifu_image_url":"","fifu_image_alt":"","footnotes":""},"categories":[73,55],"tags":[],"class_list":["post-87835","post","type-post","status-publish","format-standard","has-post-thumbnail","hentry","category-actualite","category-tunisie"],"_links":{"self":[{"href":"https:\/\/linitiative.ca\/International\/wp-json\/wp\/v2\/posts\/87835","targetHints":{"allow":["GET"]}}],"collection":[{"href":"https:\/\/linitiative.ca\/International\/wp-json\/wp\/v2\/posts"}],"about":[{"href":"https:\/\/linitiative.ca\/International\/wp-json\/wp\/v2\/types\/post"}],"author":[{"embeddable":true,"href":"https:\/\/linitiative.ca\/International\/wp-json\/wp\/v2\/users\/1773"}],"replies":[{"embeddable":true,"href":"https:\/\/linitiative.ca\/International\/wp-json\/wp\/v2\/comments?post=87835"}],"version-history":[{"count":0,"href":"https:\/\/linitiative.ca\/International\/wp-json\/wp\/v2\/posts\/87835\/revisions"}],"wp:featuredmedia":[{"embeddable":true,"href":"https:\/\/linitiative.ca\/International\/wp-json\/"}],"wp:attachment":[{"href":"https:\/\/linitiative.ca\/International\/wp-json\/wp\/v2\/media?parent=87835"}],"wp:term":[{"taxonomy":"category","embeddable":true,"href":"https:\/\/linitiative.ca\/International\/wp-json\/wp\/v2\/categories?post=87835"},{"taxonomy":"post_tag","embeddable":true,"href":"https:\/\/linitiative.ca\/International\/wp-json\/wp\/v2\/tags?post=87835"}],"curies":[{"name":"wp","href":"https:\/\/api.w.org\/{rel}","templated":true}]}}