{"id":87837,"date":"2020-06-04T10:30:00","date_gmt":"2020-06-04T14:30:00","guid":{"rendered":"https:\/\/linitiative.ca\/International\/le-gardien-allemand-ter-stegen-ne-veut-pas-quitter-le-fc-barcelone\/"},"modified":"2020-06-04T10:30:00","modified_gmt":"2020-06-04T14:30:00","slug":"le-gardien-allemand-ter-stegen-ne-veut-pas-quitter-le-fc-barcelone","status":"publish","type":"post","link":"https:\/\/linitiative.ca\/International\/le-gardien-allemand-ter-stegen-ne-veut-pas-quitter-le-fc-barcelone\/","title":{"rendered":"Le gardien allemand, Ter Stegen ne veut pas quitter le FC Barcelone"},"content":{"rendered":"<p class=\"p1 c3\"><span class=\"c2\">Le rempart allemand Marc-Andr\u00e9 ter Stegen n\u2019a visiblement pas l\u2019intention de quitter le FC Barcelone.<\/span><\/p>\n<p class=\"p1 c3\"><span class=\"c2\">Marc-Andr\u00e9 Ter Stegen n\u2019a plus que deux ans de contrat du c\u00f4t\u00e9 de Barcelone. Les n\u00e9gociations concernant une prolongation n\u2019ont toujours pas abouti, mais l\u2019int\u00e9ress\u00e9 reste serein. Et, surtout, il n\u2019envisage pas un transfert ailleurs. Lors d\u2019un entretien accord\u00e9 \u00e0Kicker meets DAZN podcast,\u00a0le portier allemand a affirm\u00e9 qu\u2019il faisait confiance \u00e0 ses responsables et qu\u2019il comprenait tout \u00e0 fait la situation actuelle. \u00ab Il est impossible que je parte cet \u00e9t\u00e9. Il y a d\u00e9j\u00e0 eu les premi\u00e8res rencontres entre mon agent et le club , puis le probl\u00e8me des coronavirus est survenu et ce n\u2019\u00e9tait pas le bon moment pour discuter d\u2019un contrat. \u00c0 une p\u00e9riode o\u00f9 beaucoup de gens sont inquiets pour leur vie, nous avons d\u00e9cid\u00e9 de reporter les pourparlers Je me sens bien \u00e0 Barcelone, aussi parce que ma famille se sent bien \u00bb, a-t-il d\u00e9clar\u00e9.<\/span><\/p>\n<p class=\"p2 c4\">\u00a0<\/p>\n<p class=\"p3 c5\"><span class=\"c2\"><strong>\u00abLe Real ne nous donnera aucun cadeau\u00bb<\/strong><\/span><\/p>\n<p class=\"p1 c3\"><span class=\"c2\">Ter Stegen n\u2019est donc pas inquiet pour la suite. En outre,\u00a0il est tr\u00e8s motiv\u00e9 pour reprendre la comp\u00e9tition\u00a0et aider sa formation blaugrana \u00e0 aller chercher un nouveau titre de champion d\u2019Espagne. \u00abPhysiquement, nous avons rarement atteint un niveau aussi \u00e9lev\u00e9. Et mentalement, nous serons beaucoup plus concentr\u00e9s sur les matches qui nous restent. On peut \u00eatre s\u00fbr que le Real ne nous fera pas de cadeau \u00bb, a-t-il pr\u00e9venu. Enfin, l\u2019ex-portier de Moenchengladbach s\u2019est exprim\u00e9 sur les matches \u00e0 huis clos et les nombreuses restrictions qui ont \u00e9t\u00e9 d\u00e9cr\u00e9t\u00e9es : \u00abOn ne va pas se mentir, le nouveau football sera bien s\u00fbr diff\u00e9rent. Un match sans public n\u2019est pas la chose la plus attractive, mais le ballon roulera et c\u2019est ce qui nous pla\u00eet. \u00bb<\/span><\/p>\n<p>Auteur: letemps1<br \/>\n<a href=\"http:\/\/www.letemps.com.tn\/article\/114437\/le-gardien-allemand-ter-stegen-ne-veut-pas-quitter-le-fc-barcelone\">Cliquez ici pour lire l&rsquo;article depuis sa source.<\/a><\/p>\n","protected":false},"excerpt":{"rendered":"<p>Le rempart allemand Marc-Andr\u00e9 ter Stegen n\u2019a visiblement pas l\u2019intention de quitter le FC Barcelone. Marc-Andr\u00e9 Ter Stegen n\u2019a plus que deux ans de contrat du c\u00f4t\u00e9 de Barcelone. Les n\u00e9gociations concernant une prolongation n\u2019ont toujours pas abouti, mais l\u2019int\u00e9ress\u00e9 reste serein. Et, surtout, il n\u2019envisage pas un transfert ailleurs. Lors d\u2019un entretien accord\u00e9 \u00e0Kicker [&hellip;]<\/p>\n","protected":false},"author":1773,"featured_media":0,"comment_status":"closed","ping_status":"closed","sticky":false,"template":"","format":"standard","meta":{"fifu_image_url":"","fifu_image_alt":"","footnotes":""},"categories":[73,55],"tags":[],"class_list":["post-87837","post","type-post","status-publish","format-standard","hentry","category-actualite","category-tunisie"],"_links":{"self":[{"href":"https:\/\/linitiative.ca\/International\/wp-json\/wp\/v2\/posts\/87837","targetHints":{"allow":["GET"]}}],"collection":[{"href":"https:\/\/linitiative.ca\/International\/wp-json\/wp\/v2\/posts"}],"about":[{"href":"https:\/\/linitiative.ca\/International\/wp-json\/wp\/v2\/types\/post"}],"author":[{"embeddable":true,"href":"https:\/\/linitiative.ca\/International\/wp-json\/wp\/v2\/users\/1773"}],"replies":[{"embeddable":true,"href":"https:\/\/linitiative.ca\/International\/wp-json\/wp\/v2\/comments?post=87837"}],"version-history":[{"count":0,"href":"https:\/\/linitiative.ca\/International\/wp-json\/wp\/v2\/posts\/87837\/revisions"}],"wp:attachment":[{"href":"https:\/\/linitiative.ca\/International\/wp-json\/wp\/v2\/media?parent=87837"}],"wp:term":[{"taxonomy":"category","embeddable":true,"href":"https:\/\/linitiative.ca\/International\/wp-json\/wp\/v2\/categories?post=87837"},{"taxonomy":"post_tag","embeddable":true,"href":"https:\/\/linitiative.ca\/International\/wp-json\/wp\/v2\/tags?post=87837"}],"curies":[{"name":"wp","href":"https:\/\/api.w.org\/{rel}","templated":true}]}}