{"id":87839,"date":"2020-06-04T10:30:00","date_gmt":"2020-06-04T14:30:00","guid":{"rendered":"https:\/\/linitiative.ca\/International\/manifestation-interdite-contre-les-violences-policieres\/"},"modified":"2020-06-04T10:30:00","modified_gmt":"2020-06-04T14:30:00","slug":"manifestation-interdite-contre-les-violences-policieres","status":"publish","type":"post","link":"https:\/\/linitiative.ca\/International\/manifestation-interdite-contre-les-violences-policieres\/","title":{"rendered":"Manifestation interdite contre les violences polici\u00e8res"},"content":{"rendered":"<p class=\"p1 c3\"><span class=\"c2\">Dix-huit personnes ont \u00e9t\u00e9 interpell\u00e9es au cours des incidents survenus en marge du rassemblement interdit organis\u00e9 \u00e0 Paris \u00e0 l\u2019appel du comit\u00e9 de soutien \u00e0 la famille d\u2019Adama Traor\u00e9, jeune homme africain de 24 ans mort en 2016 apr\u00e8s son interpellation, a annonc\u00e9 la pr\u00e9fecture de police hier.<\/span><\/p>\n<p class=\"p1 c3\"><span class=\"c2\">Parmi ces interpellations, 17 ont donn\u00e9 lieu \u00e0 des gardes \u00e0 vue, principalement pour d\u00e9gradations volontaires, participation \u00e0 un attroupement apr\u00e8s sommation, port d\u2019armes prohib\u00e9s et jets de projectiles, a-t-on pr\u00e9cis\u00e9 de m\u00eame source.<\/span><\/p>\n<p class=\"p1 c3\"><span class=\"c2\">La fin de cette manifestation, qui a r\u00e9uni quelque 20.000 participants selon la PP, a \u00e9t\u00e9 \u00e9maill\u00e9e d\u2019incidents sporadiques : jets de projectiles, tirs de gaz lacrymog\u00e8nes, incendies, manifestants sur le p\u00e9riph\u00e9rique&#8230; A Clichy, les vitres d\u2019un poste de police municipale ont \u00e9t\u00e9 bris\u00e9es par des manifestants. Par ailleurs, sept personnes ont \u00e9t\u00e9 interpell\u00e9es et dix policiers l\u00e9g\u00e8rement bless\u00e9s lors de la dizaine d\u2019autres rassemblements qui ont eu lieu en France (Lyon, Lille, Marseille&#8230;) contre les violences polici\u00e8res, a-t-on appris de source polici\u00e8re.<\/span><\/p>\n<p class=\"p1 c3\"><span class=\"c2\">Ces manifestations se sont d\u00e9roul\u00e9es le jour o\u00f9 \u00e9tait d\u00e9voil\u00e9e une nouvelle expertise, r\u00e9alis\u00e9e \u00e0 la demande de la famille d\u2019Adama Traor\u00e9, mettant en cause les gendarmes dans la mort du jeune homme.<\/span><\/p>\n<p class=\"p1 c3\"><span class=\"c2\">Le rassemblement parisien avait d\u00e9but\u00e9 \u00e0 19H00 sur le parvis du tribunal dans le nord-est de Paris en d\u00e9pit de la mesure d\u2019interdiction.<\/span><\/p>\n<p class=\"p1 c3\"><span class=\"c2\">La pr\u00e9fecture de police (PP) avait annonc\u00e9 que la manifestation n\u2019\u00e9tait pas autoris\u00e9e en raison de l\u2019\u00e9tat d\u2019urgence sanitaire qui proscrit tout rassemblement public de plus de dix personnes, car elle n\u2019avait \u00abfait l\u2019objet d\u2019aucune d\u00e9claration pr\u00e9alable\u00bb.<\/span><\/p>\n<p class=\"p1 c3\"><span class=\"c2\">La PP estimait \u00e9galement que \u00abla tonalit\u00e9 de l\u2019appel \u00e0 manifester relay\u00e9 par les r\u00e9seaux sociaux laissait craindre que des d\u00e9bordements aient lieu sur un site sensible\u00bb.<\/span><\/p>\n<p class=\"p1 c3\"><span class=\"c2\">Cette manifestation avait \u00e9galement lieu dans le contexte de celles organis\u00e9es aux Etats-Unis et dans d\u2019autres pays apr\u00e8s la mort de George Floyd, un Am\u00e9ricain noir de 46 ans asphyxi\u00e9 par un policier blanc aux Etats-Unis le 25 mai.<\/span><\/p>\n<p class=\"p1 c3\"><span class=\"c2\">Pour Assa Traor\u00e9, la soeur d\u2019Adama Traor\u00e9, \u00abmalheureusement la mort de George Floyd vient imager la mort de mon petit fr\u00e8re\u00bb.<\/span><\/p>\n<p class=\"p1 c3\"><span class=\"c2\">Pour elle, \u00abla justice fran\u00e7aise a peur de la v\u00e9rit\u00e9 dans l\u2019affaire Adama Traor\u00e9, une reconstitution qu\u2019on demande depuis plusieurs ann\u00e9es n\u2019est pas accept\u00e9e donc bien \u00e9videmment qu\u2019on ne peut pas parler d\u2019enqu\u00eate dans cette affaire\u00bb.<\/span><\/p>\n<p class=\"p1 c3\"><span class=\"c2\">Elle a par ailleurs tenu le pr\u00e9fet de police de Paris, Didier Lallement, pour \u00abseul responsable\u00bb des incidents qui ont \u00e9maill\u00e9 la fin de la manifestation.<\/span><\/p>\n<p>Auteur: letemps1<br \/>\n<a href=\"http:\/\/www.letemps.com.tn\/article\/114439\/manifestation-interdite-contre-les-violences-polici%C3%A8res\">Cliquez ici pour lire l&rsquo;article depuis sa source.<\/a><\/p>\n","protected":false},"excerpt":{"rendered":"<p>Dix-huit personnes ont \u00e9t\u00e9 interpell\u00e9es au cours des incidents survenus en marge du rassemblement interdit organis\u00e9 \u00e0 Paris \u00e0 l\u2019appel du comit\u00e9 de soutien \u00e0 la famille d\u2019Adama Traor\u00e9, jeune homme africain de 24 ans mort en 2016 apr\u00e8s son interpellation, a annonc\u00e9 la pr\u00e9fecture de police hier. Parmi ces interpellations, 17 ont donn\u00e9 lieu [&hellip;]<\/p>\n","protected":false},"author":1773,"featured_media":0,"comment_status":"closed","ping_status":"closed","sticky":false,"template":"","format":"standard","meta":{"fifu_image_url":"","fifu_image_alt":"","footnotes":""},"categories":[73,55],"tags":[],"class_list":["post-87839","post","type-post","status-publish","format-standard","hentry","category-actualite","category-tunisie"],"_links":{"self":[{"href":"https:\/\/linitiative.ca\/International\/wp-json\/wp\/v2\/posts\/87839","targetHints":{"allow":["GET"]}}],"collection":[{"href":"https:\/\/linitiative.ca\/International\/wp-json\/wp\/v2\/posts"}],"about":[{"href":"https:\/\/linitiative.ca\/International\/wp-json\/wp\/v2\/types\/post"}],"author":[{"embeddable":true,"href":"https:\/\/linitiative.ca\/International\/wp-json\/wp\/v2\/users\/1773"}],"replies":[{"embeddable":true,"href":"https:\/\/linitiative.ca\/International\/wp-json\/wp\/v2\/comments?post=87839"}],"version-history":[{"count":0,"href":"https:\/\/linitiative.ca\/International\/wp-json\/wp\/v2\/posts\/87839\/revisions"}],"wp:attachment":[{"href":"https:\/\/linitiative.ca\/International\/wp-json\/wp\/v2\/media?parent=87839"}],"wp:term":[{"taxonomy":"category","embeddable":true,"href":"https:\/\/linitiative.ca\/International\/wp-json\/wp\/v2\/categories?post=87839"},{"taxonomy":"post_tag","embeddable":true,"href":"https:\/\/linitiative.ca\/International\/wp-json\/wp\/v2\/tags?post=87839"}],"curies":[{"name":"wp","href":"https:\/\/api.w.org\/{rel}","templated":true}]}}