{"id":87840,"date":"2020-06-04T10:30:00","date_gmt":"2020-06-04T14:30:00","guid":{"rendered":"https:\/\/linitiative.ca\/International\/litalie-souvre-aux-touristes-europeens\/"},"modified":"2020-06-04T10:30:00","modified_gmt":"2020-06-04T14:30:00","slug":"litalie-souvre-aux-touristes-europeens","status":"publish","type":"post","link":"https:\/\/linitiative.ca\/International\/litalie-souvre-aux-touristes-europeens\/","title":{"rendered":"L\u2019Italie s\u2019ouvre aux touristes\u00a0europ\u00e9ens"},"content":{"rendered":"<p class=\"p1 c3\"><span class=\"c2\">Des fronti\u00e8res rouvertes aux touristes et des Italiens autoris\u00e9s \u00e0 passer d\u2019une r\u00e9gion \u00e0 l\u2019autre : l\u2019Italie a marqu\u00e9 hier une \u00e9tape cruciale dans son retour \u00e0 la normale, apr\u00e8s avoir \u00e9t\u00e9 endeuill\u00e9e par la pand\u00e9mie de coronavirus. Mais pendant qu\u2019en Europe la normalisation se poursuit, \u00e0 la faveur de chiffres de contamination et de d\u00e9c\u00e8s en baisse r\u00e9guli\u00e8re, le virus apparu en d\u00e9cembre en Chine continue dans des pays d\u2019Am\u00e9rique latine mal pr\u00e9par\u00e9s \u00e0 enrayer sa fulgurante progression.<\/span><\/p>\n<p class=\"p1 c3\"><span class=\"c2\">Dans l\u2019espoir de sauver son industrie touristique si importante pour son \u00e9conomie, l\u2019Italie &#8211; dont une des r\u00e9gions, la Lombardie (Nord), a \u00e9t\u00e9 l\u2019\u00e9picentre de la pand\u00e9mie en Europe &#8211; a rouvert hier ses fronti\u00e8res aux touristes europ\u00e9ens, sans restrictions.<\/span><\/p>\n<p class=\"p1 c3\"><span class=\"c2\">Les Italiens peuvent d\u00e9sormais circuler librement entre les r\u00e9gions mais les interdictions de grands rassemblements et l\u2019obligation du port du masque dans les lieux clos et dans les transports publics restent en vigueur.<\/span><\/p>\n<p class=\"p1 c3\"><span class=\"c2\">Les vols internationaux ne devaient reprendre hier que dans trois grandes villes, Milan, Rome et Naples. La Suisse a toutefois pr\u00e9venu que ses citoyens qui se rendraient en Italie seraient soumis \u00e0 des \u00abmesures sanitaires\u00bb \u00e0 leur retour.<\/span><\/p>\n<p class=\"p1 c3\"><span class=\"c2\">R\u00e9ceptionniste \u00e0 l\u2019h\u00f4tel Albergo del Senato, au pied du Panth\u00e9on \u00e0 Rome, Allessandra Conti a assur\u00e9 hier \u00abrecevoir, encore, pas mal d\u2019annulations, pour cet \u00e9t\u00e9\u00bb.<\/span><\/p>\n<p class=\"p1 c3\"><span class=\"c2\">\u00abNous esp\u00e9rons que cela va bouger un peu \u00e0 partir d\u2019aujourd\u2019hui, mais nous n\u2019avons aucun touriste \u00e9tranger r\u00e9serv\u00e9 pour cette semaine, ou pour la prochaine\u00bb, dit-elle. \u00abJuste quelques r\u00e9servations \u00e0 partir de la mi-juin, tous des Europ\u00e9ens\u00bb.<\/span><\/p>\n<p class=\"p1 c3\"><span class=\"c2\">Le pr\u00e9sident de la R\u00e9publique italienne, Sergio Mattarella, a pr\u00e9venu mardi que la crise \u00e9pid\u00e9mique \u00abn\u2019est pas termin\u00e9e\u00bb dans la p\u00e9ninsule, tout en louant \u00abl\u2019unit\u00e9\u00bb de son pays face \u00e0 \u00abl\u2019ennemi invisible\u00bb.<\/span><\/p>\n<p class=\"p1 c3\"><span class=\"c2\">Avec pr\u00e8s de 33.000 morts, l\u2019Italie est le deuxi\u00e8me pays le plus endeuill\u00e9 d\u2019Europe, derri\u00e8re le Royaume-Uni.<\/span><\/p>\n<p class=\"p1 c3\"><span class=\"c2\">Apr\u00e8s la r\u00e9ouverture mardi des terrasses de caf\u00e9 \u00e0 Paris, la d\u00e9cision italienne, qui sera suivie le 15 juin d\u2019autres mesures de lev\u00e9e du confinement en Europe, illustre le retour progressif \u00e0 la vie normale sur le Vieux Continent. Une perspective encore bien \u00e9loign\u00e9e en Am\u00e9rique du Sud, o\u00f9 le virus continue de se propager. Le Br\u00e9sil a ainsi enregistr\u00e9 mardi un record journalier de d\u00e9c\u00e8s, portant \u00e0 31.199 le nombre de morts, pour 555.383 malades confirm\u00e9s du Covid-19, selon le minist\u00e8re de la Sant\u00e9.Ces chiffres, que la communaut\u00e9 scientifique juge grossi\u00e8rement sous-\u00e9valu\u00e9s, situent le g\u00e9ant latino-am\u00e9ricain \u00e0 la quatri\u00e8me place mondiale pour les morts, derri\u00e8re les Etats-Unis &#8211; qui restent de loin le pays le plus durement frapp\u00e9 avec 106.180 morts &#8211; le Royaume-Uni (39.369) et l\u2019Italie (33.530).<\/span><\/p>\n<p class=\"p1 c3\"><span class=\"c2\">Au total, la pand\u00e9mie de Covid-19 a tu\u00e9 au moins 379.585 personnes sur la plan\u00e8te depuis son apparition en d\u00e9cembre en Chine, selon un bilan \u00e0 partir de sources officielles.<\/span><\/p>\n<p class=\"p1 c3\"><span class=\"c2\">Les principaux foyers br\u00e9siliens sont l\u2019Etat de Sao Paulo, locomotive \u00e9conomique et culturelle du pays, et celui de Rio de Janeiro, grand p\u00f4le touristique. Tous deux ont amorc\u00e9 un d\u00e9confinement, pr\u00e9occupant certains scientifiques: \u00abDans la situation actuelle, tout rel\u00e2chement des mesures de confinement revient \u00e0 asperger de l\u2019essence sur le feu\u00bb, a averti Rafael Galliez, infectiologue de l\u2019Universit\u00e9 F\u00e9d\u00e9rale de Rio (UFRJ).<\/span><\/p>\n<p class=\"p1 c3\"><span class=\"c2\">Le Br\u00e9sil, dont le pr\u00e9sident Jair Bolsonaro appelle r\u00e9guli\u00e8rement \u00e0 la lev\u00e9e des restrictions pour pr\u00e9server l\u2019\u00e9conomie et l\u2019emploi, repr\u00e9sente plus de la moiti\u00e9 des cas de contamination et des morts du Covid-19 en Am\u00e9rique latine.<\/span><\/p>\n<p class=\"p1 c3\"><span class=\"c2\">Le virus continue de s\u2019y propager \u00e0 grande vitesse : la Colombie, frontali\u00e8re du Br\u00e9sil, a d\u00e9pass\u00e9 les 1.000 morts moins de trois mois apr\u00e8s la d\u00e9tection du premier cas de contagion; le Mexique, qui amorce aussi la reprise de son activit\u00e9 \u00e9conomique, en compte plus de 10.000 et le P\u00e9rou en d\u00e9plore plus de 4.600.<\/span><\/p>\n<p class=\"p1 c3\"><span class=\"c2\">En Bolivie, plus de 10.500 cas de Covid-19 et plus de 300 d\u00e9c\u00e8s ont \u00e9t\u00e9 enregistr\u00e9s, des chiffres en nette croissance. Dans ce pays, les autorit\u00e9s des villes de La Paz et d\u2019El Alto vont marquer avec des \u00e9criteaux les maisons des malades qui refusent de se confiner, face aux nombreuses violations des mesures sanitaires par des personnes contamin\u00e9es.<\/span><\/p>\n<p>Auteur: letemps1<br \/>\n<a href=\"http:\/\/www.letemps.com.tn\/article\/114440\/l%E2%80%99italie-s%E2%80%99ouvre-aux-touristes%C2%A0europ%C3%A9ens\">Cliquez ici pour lire l&rsquo;article depuis sa source.<\/a><\/p>\n","protected":false},"excerpt":{"rendered":"<p>Des fronti\u00e8res rouvertes aux touristes et des Italiens autoris\u00e9s \u00e0 passer d\u2019une r\u00e9gion \u00e0 l\u2019autre : l\u2019Italie a marqu\u00e9 hier une \u00e9tape cruciale dans son retour \u00e0 la normale, apr\u00e8s avoir \u00e9t\u00e9 endeuill\u00e9e par la pand\u00e9mie de coronavirus. Mais pendant qu\u2019en Europe la normalisation se poursuit, \u00e0 la faveur de chiffres de contamination et de [&hellip;]<\/p>\n","protected":false},"author":1773,"featured_media":0,"comment_status":"closed","ping_status":"closed","sticky":false,"template":"","format":"standard","meta":{"fifu_image_url":"","fifu_image_alt":"","footnotes":""},"categories":[73,55],"tags":[],"class_list":["post-87840","post","type-post","status-publish","format-standard","hentry","category-actualite","category-tunisie"],"_links":{"self":[{"href":"https:\/\/linitiative.ca\/International\/wp-json\/wp\/v2\/posts\/87840","targetHints":{"allow":["GET"]}}],"collection":[{"href":"https:\/\/linitiative.ca\/International\/wp-json\/wp\/v2\/posts"}],"about":[{"href":"https:\/\/linitiative.ca\/International\/wp-json\/wp\/v2\/types\/post"}],"author":[{"embeddable":true,"href":"https:\/\/linitiative.ca\/International\/wp-json\/wp\/v2\/users\/1773"}],"replies":[{"embeddable":true,"href":"https:\/\/linitiative.ca\/International\/wp-json\/wp\/v2\/comments?post=87840"}],"version-history":[{"count":0,"href":"https:\/\/linitiative.ca\/International\/wp-json\/wp\/v2\/posts\/87840\/revisions"}],"wp:attachment":[{"href":"https:\/\/linitiative.ca\/International\/wp-json\/wp\/v2\/media?parent=87840"}],"wp:term":[{"taxonomy":"category","embeddable":true,"href":"https:\/\/linitiative.ca\/International\/wp-json\/wp\/v2\/categories?post=87840"},{"taxonomy":"post_tag","embeddable":true,"href":"https:\/\/linitiative.ca\/International\/wp-json\/wp\/v2\/tags?post=87840"}],"curies":[{"name":"wp","href":"https:\/\/api.w.org\/{rel}","templated":true}]}}