{"id":87843,"date":"2020-06-04T15:13:37","date_gmt":"2020-06-04T19:13:37","guid":{"rendered":"https:\/\/linitiative.ca\/International\/international-real-deux-grands-clubs-auraient-contacte-vinicius-junior\/"},"modified":"2020-06-04T15:13:37","modified_gmt":"2020-06-04T19:13:37","slug":"international-real-deux-grands-clubs-auraient-contacte-vinicius-junior","status":"publish","type":"post","link":"https:\/\/linitiative.ca\/International\/international-real-deux-grands-clubs-auraient-contacte-vinicius-junior\/","title":{"rendered":"International : Real : Deux grands clubs auraient contact\u00e9 Vinicius Junior"},"content":{"rendered":"<div readability=\"32\">\n<p>Auteur : <span class=\"time\">jeudi 04 juin 2020 08:42<\/span><\/p>\n<\/div>\n<div id=\"post_core\" readability=\"42\">\n<p>Le jeune prodige de 19 ans suscite l&rsquo;int\u00e9r\u00eat de Liverpool et du Paris Saint-Germain. Selon les informations du site OK Diario que rapporte Footmercato, la formation anglaise et le club de la capitale fran\u00e7aise sont entr\u00e9s ces derni\u00e8res semaines en contact avec l&rsquo;entourage de l&rsquo;ancien pensionnaire de Flamengo afin de r\u00e9affirmer leur volont\u00e9 de recruter le natif de S\u00e3o Gon\u00e7alo. L&rsquo;entra\u00eeneur de la Maison Blanche, Zinedine Zidane, devra d\u00e9cider s&rsquo;il compte conserver dans son effectif l&rsquo;international auriverde en vue de l&rsquo;exercice 2020-2021. Achet\u00e9 par les Merengue en juillet 2018 pour 45 millions d&rsquo;euros, Vinicius Junior a disput\u00e9 28 matches toutes comp\u00e9titions confondues depuis le d\u00e9but de la saison 2019-2020, pour 4 buts.<br \/>\u00a0<\/p>\n<p><strong>Publi\u00e9 dans :<\/strong> <span>real madrid<\/span><\/p>\n<\/div>\n<p>Auteur:<br \/>\n<a href=\"http:\/\/www.lebuteur.com\/article\/detail?titre=real-deux-grands-clubs-auraient-contacte-vinicius-junior&#038;id=96151&#038;utm_source=feedburner&#038;utm_medium=feed&#038;utm_campaign=Feed%3A+GalerieFArtciles+%28Les+derniers+articles++-+lebuteur.com%29\">Cliquez ici pour lire l&rsquo;article depuis sa source.<\/a><\/p>\n","protected":false},"excerpt":{"rendered":"<p>Auteur : jeudi 04 juin 2020 08:42 Le jeune prodige de 19 ans suscite l&rsquo;int\u00e9r\u00eat de Liverpool et du Paris Saint-Germain. Selon les informations du site OK Diario que rapporte Footmercato, la formation anglaise et le club de la capitale fran\u00e7aise sont entr\u00e9s ces derni\u00e8res semaines en contact avec l&rsquo;entourage de l&rsquo;ancien pensionnaire de Flamengo [&hellip;]<\/p>\n","protected":false},"author":1738,"featured_media":87844,"comment_status":"closed","ping_status":"closed","sticky":false,"template":"","format":"standard","meta":{"fifu_image_url":"","fifu_image_alt":"","footnotes":""},"categories":[53,75],"tags":[],"class_list":["post-87843","post","type-post","status-publish","format-standard","has-post-thumbnail","hentry","category-algerie","category-sport"],"_links":{"self":[{"href":"https:\/\/linitiative.ca\/International\/wp-json\/wp\/v2\/posts\/87843","targetHints":{"allow":["GET"]}}],"collection":[{"href":"https:\/\/linitiative.ca\/International\/wp-json\/wp\/v2\/posts"}],"about":[{"href":"https:\/\/linitiative.ca\/International\/wp-json\/wp\/v2\/types\/post"}],"author":[{"embeddable":true,"href":"https:\/\/linitiative.ca\/International\/wp-json\/wp\/v2\/users\/1738"}],"replies":[{"embeddable":true,"href":"https:\/\/linitiative.ca\/International\/wp-json\/wp\/v2\/comments?post=87843"}],"version-history":[{"count":0,"href":"https:\/\/linitiative.ca\/International\/wp-json\/wp\/v2\/posts\/87843\/revisions"}],"wp:featuredmedia":[{"embeddable":true,"href":"https:\/\/linitiative.ca\/International\/wp-json\/"}],"wp:attachment":[{"href":"https:\/\/linitiative.ca\/International\/wp-json\/wp\/v2\/media?parent=87843"}],"wp:term":[{"taxonomy":"category","embeddable":true,"href":"https:\/\/linitiative.ca\/International\/wp-json\/wp\/v2\/categories?post=87843"},{"taxonomy":"post_tag","embeddable":true,"href":"https:\/\/linitiative.ca\/International\/wp-json\/wp\/v2\/tags?post=87843"}],"curies":[{"name":"wp","href":"https:\/\/api.w.org\/{rel}","templated":true}]}}