{"id":87845,"date":"2020-06-04T15:13:40","date_gmt":"2020-06-04T19:13:40","guid":{"rendered":"https:\/\/linitiative.ca\/International\/international-real-madrid-luca-zidane-discute-avec-montpellier\/"},"modified":"2020-06-04T15:13:40","modified_gmt":"2020-06-04T19:13:40","slug":"international-real-madrid-luca-zidane-discute-avec-montpellier","status":"publish","type":"post","link":"https:\/\/linitiative.ca\/International\/international-real-madrid-luca-zidane-discute-avec-montpellier\/","title":{"rendered":"International : Real Madrid: Luca Zidane discute avec Montpellier !"},"content":{"rendered":"<div readability=\"32\">\n<p>Auteur : <span class=\"time\">jeudi 04 juin 2020 14:04<\/span><\/p>\n<\/div>\n<div id=\"post_core\" readability=\"49\">\n<p>Pr\u00eat\u00e9 au Racing Santander cette saison, Luca Zidane (22 ans) va quitter librement le Real Madrid au terme de son contrat \u00e0 la fin du mois de juin. Et d&rsquo;apr\u00e8s le journal madril\u00e8ne Marca ce jeudi, le gardien merengue pourrait rebondir en Ligue 1, o\u00f9 Montpellier lui fait les yeux doux. Preuve en est, le club de la Paillade a contact\u00e9 l&rsquo;agent du portier, Alain Miglaccio, pour \u00e9tudier l&rsquo;id\u00e9e d&rsquo;une possible collaboration. Dans l&rsquo;H\u00e9rault, le fils de Zin\u00e9dine Zidane b\u00e9n\u00e9ficierait d&rsquo;un r\u00f4le de \u00ab\u00a0num\u00e9ro 1 bis\u00a0\u00bb. Pour rappel, le MHSC se trouve toujours \u00e0 la recherche d&rsquo;un titulaire \u00e0 ce poste puisque Geronimo Rulli, auteur d&rsquo;une bonne saison lors de son pr\u00eat en provenance de la Real Sociedad, ne devrait pas \u00eatre conserv\u00e9 en raison de son option d&rsquo;achat trop \u00e9lev\u00e9e, fix\u00e9e \u00e0 11,5 millions d&rsquo;euros rapporte Maxifoot.fr.<\/p>\n<p><strong>Publi\u00e9 dans :<\/strong> <span>luca zidane<\/span><\/p>\n<\/div>\n<p>Auteur:<br \/>\n<a href=\"http:\/\/www.lebuteur.com\/article\/detail?titre=real-madrid-luca-zidane-discute-avec-montpellier&#038;id=96152&#038;utm_source=feedburner&#038;utm_medium=feed&#038;utm_campaign=Feed%3A+GalerieFArtciles+%28Les+derniers+articles++-+lebuteur.com%29\">Cliquez ici pour lire l&rsquo;article depuis sa source.<\/a><\/p>\n","protected":false},"excerpt":{"rendered":"<p>Auteur : jeudi 04 juin 2020 14:04 Pr\u00eat\u00e9 au Racing Santander cette saison, Luca Zidane (22 ans) va quitter librement le Real Madrid au terme de son contrat \u00e0 la fin du mois de juin. Et d&rsquo;apr\u00e8s le journal madril\u00e8ne Marca ce jeudi, le gardien merengue pourrait rebondir en Ligue 1, o\u00f9 Montpellier lui fait [&hellip;]<\/p>\n","protected":false},"author":1738,"featured_media":87846,"comment_status":"closed","ping_status":"closed","sticky":false,"template":"","format":"standard","meta":{"fifu_image_url":"","fifu_image_alt":"","footnotes":""},"categories":[53,75],"tags":[],"class_list":["post-87845","post","type-post","status-publish","format-standard","has-post-thumbnail","hentry","category-algerie","category-sport"],"_links":{"self":[{"href":"https:\/\/linitiative.ca\/International\/wp-json\/wp\/v2\/posts\/87845","targetHints":{"allow":["GET"]}}],"collection":[{"href":"https:\/\/linitiative.ca\/International\/wp-json\/wp\/v2\/posts"}],"about":[{"href":"https:\/\/linitiative.ca\/International\/wp-json\/wp\/v2\/types\/post"}],"author":[{"embeddable":true,"href":"https:\/\/linitiative.ca\/International\/wp-json\/wp\/v2\/users\/1738"}],"replies":[{"embeddable":true,"href":"https:\/\/linitiative.ca\/International\/wp-json\/wp\/v2\/comments?post=87845"}],"version-history":[{"count":0,"href":"https:\/\/linitiative.ca\/International\/wp-json\/wp\/v2\/posts\/87845\/revisions"}],"wp:featuredmedia":[{"embeddable":true,"href":"https:\/\/linitiative.ca\/International\/wp-json\/"}],"wp:attachment":[{"href":"https:\/\/linitiative.ca\/International\/wp-json\/wp\/v2\/media?parent=87845"}],"wp:term":[{"taxonomy":"category","embeddable":true,"href":"https:\/\/linitiative.ca\/International\/wp-json\/wp\/v2\/categories?post=87845"},{"taxonomy":"post_tag","embeddable":true,"href":"https:\/\/linitiative.ca\/International\/wp-json\/wp\/v2\/tags?post=87845"}],"curies":[{"name":"wp","href":"https:\/\/api.w.org\/{rel}","templated":true}]}}