{"id":87847,"date":"2020-06-04T15:13:43","date_gmt":"2020-06-04T19:13:43","guid":{"rendered":"https:\/\/linitiative.ca\/International\/international-bayern-munich-racisme-le-message-fort-de-boateng\/"},"modified":"2020-06-04T15:13:43","modified_gmt":"2020-06-04T19:13:43","slug":"international-bayern-munich-racisme-le-message-fort-de-boateng","status":"publish","type":"post","link":"https:\/\/linitiative.ca\/International\/international-bayern-munich-racisme-le-message-fort-de-boateng\/","title":{"rendered":"International : Bayern Munich: racisme, le message fort de Boateng"},"content":{"rendered":"<div readability=\"32\">\n<p>Auteur : <span class=\"time\">jeudi 04 juin 2020 14:05<\/span><\/p>\n<\/div>\n<div id=\"post_core\" readability=\"47\">\n<p>Depuis le d\u00e9c\u00e8s de George Floyd, un homme noir assassin\u00e9 par un policier aux Etats-Unis, les manifestations se multiplient pour lutter contre le racisme. Lors d&rsquo;un entretien accord\u00e9 \u00e0 la radio Deutsche Welle, le d\u00e9fenseur central du Bayern Munich J\u00e9r\u00f4me Boateng a livr\u00e9 un discours fort: \u00ab\u00a0Nos voix portent, nous avons une plate-forme et nous touchons beaucoup de monde. Tous les sportifs blancs qui ne s&rsquo;expriment pas actuellement ne sont pas des racistes, \u00e9videmment, mais naturellement il est souhaitable qu&rsquo;ils utilisent leur notori\u00e9t\u00e9 aussi pour cette cause. Beaucoup le font, mais je crois qu&rsquo;on peut faire encore beaucoup plus. Il faut aussi prendre les choses en main, que ce soit sous forme de travail aupr\u00e8s des enfants, ou dans des projets d&rsquo;int\u00e9gration. Tout le monde peut aider. Cela d\u00e9pend toujours des parents, et de ce qu&rsquo;ils transmettent \u00e0 leurs enfants. Dans les \u00e9coles aussi, il faut que la question du racisme soit int\u00e9gr\u00e9e dans les programmes. Ce n&rsquo;est que comme \u00e7a que nous avancerons\u00a0\u00bb, a r\u00e9clam\u00e9 l&rsquo;Allemand comme rapport\u00e9 par Maxifoot.fr.<\/p>\n<p><strong>Publi\u00e9 dans :<\/strong> <span>Boateng<\/span><\/p>\n<\/div>\n<p>Auteur:<br \/>\n<a href=\"http:\/\/www.lebuteur.com\/article\/detail?titre=bayern-munich-racisme-le-message-fort-de-boateng&#038;id=96153&#038;utm_source=feedburner&#038;utm_medium=feed&#038;utm_campaign=Feed%3A+GalerieFArtciles+%28Les+derniers+articles++-+lebuteur.com%29\">Cliquez ici pour lire l&rsquo;article depuis sa source.<\/a><\/p>\n","protected":false},"excerpt":{"rendered":"<p>Auteur : jeudi 04 juin 2020 14:05 Depuis le d\u00e9c\u00e8s de George Floyd, un homme noir assassin\u00e9 par un policier aux Etats-Unis, les manifestations se multiplient pour lutter contre le racisme. Lors d&rsquo;un entretien accord\u00e9 \u00e0 la radio Deutsche Welle, le d\u00e9fenseur central du Bayern Munich J\u00e9r\u00f4me Boateng a livr\u00e9 un discours fort: \u00ab\u00a0Nos voix [&hellip;]<\/p>\n","protected":false},"author":1738,"featured_media":87848,"comment_status":"closed","ping_status":"closed","sticky":false,"template":"","format":"standard","meta":{"fifu_image_url":"","fifu_image_alt":"","footnotes":""},"categories":[53,75],"tags":[],"class_list":["post-87847","post","type-post","status-publish","format-standard","has-post-thumbnail","hentry","category-algerie","category-sport"],"_links":{"self":[{"href":"https:\/\/linitiative.ca\/International\/wp-json\/wp\/v2\/posts\/87847","targetHints":{"allow":["GET"]}}],"collection":[{"href":"https:\/\/linitiative.ca\/International\/wp-json\/wp\/v2\/posts"}],"about":[{"href":"https:\/\/linitiative.ca\/International\/wp-json\/wp\/v2\/types\/post"}],"author":[{"embeddable":true,"href":"https:\/\/linitiative.ca\/International\/wp-json\/wp\/v2\/users\/1738"}],"replies":[{"embeddable":true,"href":"https:\/\/linitiative.ca\/International\/wp-json\/wp\/v2\/comments?post=87847"}],"version-history":[{"count":0,"href":"https:\/\/linitiative.ca\/International\/wp-json\/wp\/v2\/posts\/87847\/revisions"}],"wp:featuredmedia":[{"embeddable":true,"href":"https:\/\/linitiative.ca\/International\/wp-json\/"}],"wp:attachment":[{"href":"https:\/\/linitiative.ca\/International\/wp-json\/wp\/v2\/media?parent=87847"}],"wp:term":[{"taxonomy":"category","embeddable":true,"href":"https:\/\/linitiative.ca\/International\/wp-json\/wp\/v2\/categories?post=87847"},{"taxonomy":"post_tag","embeddable":true,"href":"https:\/\/linitiative.ca\/International\/wp-json\/wp\/v2\/tags?post=87847"}],"curies":[{"name":"wp","href":"https:\/\/api.w.org\/{rel}","templated":true}]}}