{"id":87851,"date":"2020-06-04T11:32:01","date_gmt":"2020-06-04T15:32:01","guid":{"rendered":"https:\/\/linitiative.ca\/International\/105790-football-ligue-1-js-kabylie-mercato-estival-aucun-joueur-n-a-ete-contacte\/"},"modified":"2020-06-04T11:32:01","modified_gmt":"2020-06-04T15:32:01","slug":"105790-football-ligue-1-js-kabylie-mercato-estival-aucun-joueur-n-a-ete-contacte","status":"publish","type":"post","link":"https:\/\/linitiative.ca\/International\/105790-football-ligue-1-js-kabylie-mercato-estival-aucun-joueur-n-a-ete-contacte\/","title":{"rendered":"Football \/ Ligue 1 (JS Kabylie) mercato estival : aucun joueur n&rsquo;a \u00e9t\u00e9 contact\u00e9"},"content":{"rendered":"<div readability=\"36\">\n<p><strong>ALGER &#8211; La JS Kabylie (Ligue 1 alg\u00e9rienne de football) a annonc\u00e9 jeudi n&rsquo;avoir contact\u00e9 aucun joueur en cette p\u00e9riode d&rsquo;arr\u00eat provisoire de la comp\u00e9tition, provoqu\u00e9e par la pand\u00e9mie de coronavirus (COVID-19), \u00ab\u00a0par respect\u00a0\u00bb au club et ses joueurs.<\/strong><\/p>\n<\/div>\n<div readability=\"71\">\n<p>\u00ab\u00a0Une strat\u00e9gie de recrutement a \u00e9t\u00e9 discut\u00e9e entre la direction et l&rsquo;entra\u00eeneur (tunisien Yamen Zelfani, ndlr). Aucun contact n&rsquo;a \u00e9t\u00e9 entrepris pour l&rsquo;instant par respect au club et ses joueurs. La p\u00e9riode n&rsquo;\u00e9tant pas propice\u00a0\u00bb, a indiqu\u00e9 le club kabyle sur son compte officiel Twitter.<\/p>\n<p>Au moment de la suspension du championnat le 16 mars dernier, la JSK occupait la 4e place au classement avec 36 points, \u00e0 quatre longueurs du leader le CR Belouizdad, ce dernier comptant n\u00e9anmoins un match en moins.<\/p>\n<blockquote readability=\"11\">\n<p><em><strong>Concernant les joueurs, dont le contrat arrive \u00e0 terme cet \u00e9t\u00e9, la JSK a expliqu\u00e9 qu&rsquo;aucune d\u00e9cision n&rsquo;a encore \u00e9t\u00e9 prise \u00e0 leur sujet : \u00ab\u00a0Trois joueurs seront en fin de contrat \u00e0 la fin de la saison actuelle : Nabil Sa\u00e2dou, Massinissa Tafni et Amir Bela\u00efli. Les d\u00e9cisions appropri\u00e9es seront prises par le staff technique au moment opportun\u00a0\u00bb.<\/strong><\/em><\/p>\n<\/blockquote>\n<p>Dans le cadre du projet de formation et suite \u00e0 la proposition de l&rsquo;encadrement technique des jeunes, \u00e0 leur t\u00eate Guillaume Mulak, \u00ab\u00a05 joueurs issus de la cat\u00e9gorie des moins de 19 ans (U-19) ont paraph\u00e9 un contrat de 5 ans avec la JSK\u00a0\u00bb.<\/p>\n<p>Par ailleurs, la formation phare du Djurdjura a annonc\u00e9 sa d\u00e9cision d&rsquo;effectuer son stage d&rsquo;intersaison \u00ab\u00a0vraisemblablement\u00a0\u00bb en Alg\u00e9rie, en raison de la pand\u00e9mie de COVID-19.<\/p>\n<p>\u00ab\u00a0En cas de reprise, une strat\u00e9gie a \u00e9t\u00e9 mise en place. La JSK effectuera vraisemblablement sa pr\u00e9paration en Alg\u00e9rie cette ann\u00e9e. M\u00eame si nous avons entrepris l&rsquo;organisation d&rsquo;un stage d&rsquo;\u00e9t\u00e9 en Bretagne (France) que nous avons d\u00fb annuler\u00a0\u00bb.<\/p>\n<p>Enfin, la JSK a indiqu\u00e9 avoir re\u00e7u une correspondance de la Conf\u00e9d\u00e9ration africaine (CAF) mentionnant que \u00ab\u00a0la moiti\u00e9 de la quote-part (275.000 dollars, ndlr) de la participation \u00e0 la Ligue des champions vient d&rsquo;\u00eatre vir\u00e9e\u00a0\u00bb, pr\u00e9cisant cependant que le club n&rsquo;a toujours pas per\u00e7u cette somme d&rsquo;argent.<\/p>\n<\/div>\n<p>Auteur:<br \/>\n<a href=\"http:\/\/www.aps.dz\/sport\/105790-football-ligue-1-js-kabylie-mercato-estival-aucun-joueur-n-a-ete-contacte?utm_source=feedburner&#038;utm_medium=feed&#038;utm_campaign=Feed%3A+aps-sport+%28APS+-+SPORT%29\">Cliquez ici pour lire l&rsquo;article depuis sa source.<\/a><\/p>\n","protected":false},"excerpt":{"rendered":"<p>ALGER &#8211; La JS Kabylie (Ligue 1 alg\u00e9rienne de football) a annonc\u00e9 jeudi n&rsquo;avoir contact\u00e9 aucun joueur en cette p\u00e9riode d&rsquo;arr\u00eat provisoire de la comp\u00e9tition, provoqu\u00e9e par la pand\u00e9mie de coronavirus (COVID-19), \u00ab\u00a0par respect\u00a0\u00bb au club et ses joueurs. \u00ab\u00a0Une strat\u00e9gie de recrutement a \u00e9t\u00e9 discut\u00e9e entre la direction et l&rsquo;entra\u00eeneur (tunisien Yamen Zelfani, ndlr). [&hellip;]<\/p>\n","protected":false},"author":1790,"featured_media":0,"comment_status":"closed","ping_status":"closed","sticky":false,"template":"","format":"standard","meta":{"fifu_image_url":"","fifu_image_alt":"","footnotes":""},"categories":[53,75],"tags":[],"class_list":["post-87851","post","type-post","status-publish","format-standard","hentry","category-algerie","category-sport"],"_links":{"self":[{"href":"https:\/\/linitiative.ca\/International\/wp-json\/wp\/v2\/posts\/87851","targetHints":{"allow":["GET"]}}],"collection":[{"href":"https:\/\/linitiative.ca\/International\/wp-json\/wp\/v2\/posts"}],"about":[{"href":"https:\/\/linitiative.ca\/International\/wp-json\/wp\/v2\/types\/post"}],"author":[{"embeddable":true,"href":"https:\/\/linitiative.ca\/International\/wp-json\/wp\/v2\/users\/1790"}],"replies":[{"embeddable":true,"href":"https:\/\/linitiative.ca\/International\/wp-json\/wp\/v2\/comments?post=87851"}],"version-history":[{"count":0,"href":"https:\/\/linitiative.ca\/International\/wp-json\/wp\/v2\/posts\/87851\/revisions"}],"wp:attachment":[{"href":"https:\/\/linitiative.ca\/International\/wp-json\/wp\/v2\/media?parent=87851"}],"wp:term":[{"taxonomy":"category","embeddable":true,"href":"https:\/\/linitiative.ca\/International\/wp-json\/wp\/v2\/categories?post=87851"},{"taxonomy":"post_tag","embeddable":true,"href":"https:\/\/linitiative.ca\/International\/wp-json\/wp\/v2\/tags?post=87851"}],"curies":[{"name":"wp","href":"https:\/\/api.w.org\/{rel}","templated":true}]}}