{"id":87854,"date":"2020-06-03T16:10:00","date_gmt":"2020-06-03T20:10:00","guid":{"rendered":"https:\/\/linitiative.ca\/International\/les-prochains-jours-du-confinement-seront-decisifs\/"},"modified":"2020-06-03T16:10:00","modified_gmt":"2020-06-03T20:10:00","slug":"les-prochains-jours-du-confinement-seront-decisifs","status":"publish","type":"post","link":"https:\/\/linitiative.ca\/International\/les-prochains-jours-du-confinement-seront-decisifs\/","title":{"rendered":"Les prochains jours du confinement seront d\u00e9cisifs"},"content":{"rendered":"<p><strong>D\u00e9confinement total \u00e0 l\u2019\u00e9chelle nationale\u00a0? Ou partiel\u00a0? Les dix derniers jours qui restent pour le confinement seront d\u00e9terminants pour le gouvernement.<br \/><\/strong><\/p>\n<p>C\u2019est \u00e0 partir des indicateurs sanitaires relatifs, notamment au nombre des contamin\u00e9s et d\u00e9c\u00e8s, qu\u2019une d\u00e9cision sera prise par les pouvoirs publics, en prenant en compte l\u2019avis du Conseil scientifique. C\u2019est ce qu\u2019a indiqu\u00e9 l\u2019infectiologue et chef de service des maladies infectieuses \u00e0 l\u2019h\u00f4pital de Boufarik, Mohamed Yousfi, qui affirme que le protocole th\u00e9rapeutique \u00e0 base de chloroquine s\u2019est r\u00e9v\u00e9l\u00e9 gagnant.<\/p>\n<p>Signalant le r\u00f4le pivot du citoyen qui a une grande responsabilit\u00e9 sur la d\u00e9cision de lev\u00e9e du confinement, en veillant au respect strict des mesures pr\u00e9ventives, et par ricochet limiter la propagation du virus, l\u2019infectiologue qui s\u2019est exprim\u00e9, hier, sur les ondes de la chaine 3 estime que si dans les dix jours restants, le nombre des contamin\u00e9s est toujours \u00e9lev\u00e9 dans certaines localit\u00e9s, il ne faut pas aller au d\u00e9confinement total. Se fiant aux exp\u00e9riences de certains pays, notamment europ\u00e9ens, il pr\u00e9conise un d\u00e9confinement par \u00e9tape et par r\u00e9gion en fonction de l\u2019\u00e9volution de l\u2019\u00e9pid\u00e9mie et les indicateurs sanitaires. Mettant en garde contre le risque de d\u00e9confinement non \u00e9tudi\u00e9, et en cas de non-respect des mesures barri\u00e8res, l\u2019intervenant signale l\u2019importance de pr\u00e9parer la p\u00e9riode de d\u00e9confinement.<\/p>\n<p>Des mesures sanitaires devront \u00eatre observ\u00e9es, notamment dans les lieux de travail, les commerces et dans les espaces publics. \u00ab\u00a0Le citoyen peut travailler, faire ses courses et se promener, mais dans le respect strict des recommandations des scientifiques\u00a0\u00bb, a-t-il soulign\u00e9. Il a rappel\u00e9 la mauvaise exp\u00e9rience relative \u00e0 l\u2019autorisation donn\u00e9e, au d\u00e9but du mois de ramadan, \u00e0 certains commerces pour la reprise d\u2019activit\u00e9, qui a provoqu\u00e9 l\u2019augmentation des personnes contamin\u00e9s au Covid-19. Une d\u00e9cision qui n\u2019a pas \u00e9t\u00e9 pr\u00e9par\u00e9e et le citoyen pas trop sensibilis\u00e9 sur la question. Pour Yousfi, l\u2019alg\u00e9rien doit d\u00e9sormais apprendre \u00e0 vivre avec le virus.<\/p>\n<blockquote readability=\"10\">\n<p><em><strong><span class=\"c5\">\u00ab\u00a0Il faut apprendre \u00e0 mettre le masque, \u00e0 \u00e9viter les rassemblements et \u00e0 se laver les mains\u00a0\u00bb, pr\u00e9cise-t-il, affirmant que \u00ab\u00a0le respect des recommandations des sp\u00e9cialistes va nous faire sortir le plus rapidement de cette \u00e9pid\u00e9mie\u00a0\u00bb.<\/span><\/strong><\/em><\/p>\n<\/blockquote>\n<p>Le chef de service des maladies infectieuses \u00e0 l\u2019h\u00f4pital de Boufarik, \u00e9picentre du COVID-19 dans le pays, estime en outre que \u00ab\u00a0la situation est maitris\u00e9e globalement au niveau national\u00a0\u00bb. Pour cela, dit-il, il n\u2019y a qu\u2019\u00e0 observer la nette diminution des afflux de citoyens vers les services de sant\u00e9, ainsi que celle du nombre de lits occup\u00e9s par les personnes affect\u00e9es par le virus.<\/p>\n<p>Par ailleurs, il a affirm\u00e9 que depuis l\u2019apparition de la maladie, les choses ont \u00e9volu\u00e9 en termes de connaissances, permettant de lui adapter, au fur et \u00e0 mesure, des strat\u00e9gies de pr\u00e9vention, de d\u00e9pistage et de traitement. S\u2019agissant de la chloroquine, qualifi\u00e9e de traitement de la discorde compte tenu de la pol\u00e9mique relative \u00e0 son usage, l\u2019invit\u00e9 de la r\u00e9daction se dit satisfait des r\u00e9sultats obtenus depuis son utilisation. Mise \u00e0 part quelques cas infimes, le professeur Yousfi signale que parmi les malades qui ont b\u00e9n\u00e9fici\u00e9 de ce m\u00e9dicament au niveau de son service, il n\u2019a pas \u00e9t\u00e9 constat\u00e9 parmi eux d\u2019effets secondaires \u00e0 l\u2019exemple, notamment, de probl\u00e8mes cardiaques.<\/p>\n<p>Auteur: Boudjedri<br \/>\n<a href=\"http:\/\/www.jeune-independant.net\/Les-prochains-jours-du-confinement.html\">Cliquez ici pour lire l&rsquo;article depuis sa source.<\/a><\/p>\n","protected":false},"excerpt":{"rendered":"<p>D\u00e9confinement total \u00e0 l\u2019\u00e9chelle nationale\u00a0? Ou partiel\u00a0? Les dix derniers jours qui restent pour le confinement seront d\u00e9terminants pour le gouvernement. C\u2019est \u00e0 partir des indicateurs sanitaires relatifs, notamment au nombre des contamin\u00e9s et d\u00e9c\u00e8s, qu\u2019une d\u00e9cision sera prise par les pouvoirs publics, en prenant en compte l\u2019avis du Conseil scientifique. C\u2019est ce qu\u2019a indiqu\u00e9 [&hellip;]<\/p>\n","protected":false},"author":1737,"featured_media":0,"comment_status":"closed","ping_status":"closed","sticky":false,"template":"","format":"standard","meta":{"fifu_image_url":"","fifu_image_alt":"","footnotes":""},"categories":[73,53],"tags":[],"class_list":["post-87854","post","type-post","status-publish","format-standard","hentry","category-actualite","category-algerie"],"_links":{"self":[{"href":"https:\/\/linitiative.ca\/International\/wp-json\/wp\/v2\/posts\/87854","targetHints":{"allow":["GET"]}}],"collection":[{"href":"https:\/\/linitiative.ca\/International\/wp-json\/wp\/v2\/posts"}],"about":[{"href":"https:\/\/linitiative.ca\/International\/wp-json\/wp\/v2\/types\/post"}],"author":[{"embeddable":true,"href":"https:\/\/linitiative.ca\/International\/wp-json\/wp\/v2\/users\/1737"}],"replies":[{"embeddable":true,"href":"https:\/\/linitiative.ca\/International\/wp-json\/wp\/v2\/comments?post=87854"}],"version-history":[{"count":0,"href":"https:\/\/linitiative.ca\/International\/wp-json\/wp\/v2\/posts\/87854\/revisions"}],"wp:attachment":[{"href":"https:\/\/linitiative.ca\/International\/wp-json\/wp\/v2\/media?parent=87854"}],"wp:term":[{"taxonomy":"category","embeddable":true,"href":"https:\/\/linitiative.ca\/International\/wp-json\/wp\/v2\/categories?post=87854"},{"taxonomy":"post_tag","embeddable":true,"href":"https:\/\/linitiative.ca\/International\/wp-json\/wp\/v2\/tags?post=87854"}],"curies":[{"name":"wp","href":"https:\/\/api.w.org\/{rel}","templated":true}]}}