{"id":87856,"date":"2020-06-04T16:04:37","date_gmt":"2020-06-04T20:04:37","guid":{"rendered":"https:\/\/linitiative.ca\/International\/covid-19-reprise-des-activites-a-partir-du-7-juin\/"},"modified":"2020-06-04T16:04:37","modified_gmt":"2020-06-04T20:04:37","slug":"covid-19-reprise-des-activites-a-partir-du-7-juin","status":"publish","type":"post","link":"https:\/\/linitiative.ca\/International\/covid-19-reprise-des-activites-a-partir-du-7-juin\/","title":{"rendered":"Covid-19 : Reprise des activit\u00e9s \u00e0 partir du 7 juin"},"content":{"rendered":"<p><br class=\"autobr\"\/><br \/>\nLa reprise des activit\u00e9s \u00e9conomiques et commerciales se fera progressivement \u00e0 partir du 7 juin selon un calendrier \u00ab\u00a0flexible\u00a0\u00bb d\u00e9fini par le Premier Ministre Abdelaziz Djerad et qui tient compte de leur impact socio-\u00e9conomique et du risque de transmission du Covid-19. C\u2019est ce qu\u2019a annonc\u00e9 jeudi un communiqu\u00e9 des services du Premier ministre, dont voici le texte int\u00e9gral.<\/p>\n<p><br class=\"autobr\"\/><br \/>\n\u00ab\u00a0Conform\u00e9ment aux instructions de Monsieur Abdelmadjid Tebboune, Pr\u00e9sident de la R\u00e9publique, le Premier Ministre Abdelaziz Djerad, a arr\u00eat\u00e9 la feuille de route de sortie du confinement qui est \u00e0 la fois, progressive et flexible et dans laquelle la priorisation des activit\u00e9s a \u00e9t\u00e9 arr\u00eat\u00e9e en fonction de leur impact socio-\u00e9conomique et du risque de transmission du Covid-19.<\/p>\n<p><br class=\"autobr\"\/><br \/>\nCette feuille de route, \u00e9labor\u00e9e sur la base des recommandations \u00e9mises par l\u2019autorit\u00e9 sanitaire, pr\u00e9voit, outre l\u2019\u00e9laboration de guides de r\u00e8gles sanitaires \u00e0 observer pour chaque secteur et\/ou activit\u00e9, la mise en place d\u2019un dispositif renforc\u00e9 de surveillance sanitaire, bas\u00e9 sur une strat\u00e9gie de d\u00e9tection pr\u00e9coce et appuy\u00e9e par un d\u00e9pistage cibl\u00e9.<\/p>\n<p><br class=\"autobr\"\/><br \/>\nLa lev\u00e9e du confinement sanitaire et\/ou l\u2019am\u00e9nagement de ses horaires\u00a0:<\/p>\n<p><br class=\"autobr\"\/><br \/>\nLe plan de sortie progressive du confinement, qui sera entam\u00e9e \u00e0 partir du 14 juin, sous la forme de lev\u00e9e ou d\u2019am\u00e9nagement du confinement sanitaire partiel en vigueur, tiendra compte de l\u2019\u00e9volution de la situation \u00e9pid\u00e9miologique \u00e0 l\u2019\u00e9chelle nationale et de chaque wilaya \u00e0 travers des indicateurs pertinents, notamment\u00a0:<\/p>\n<p><br class=\"autobr\"\/><br \/>\n\u00a0-Le taux de reproduction dit R(t) inf\u00e9rieur \u00e0 1.<\/p>\n<p><br class=\"autobr\"\/><br \/>\n\u00a0-Le flux journalier des nouveaux cas d\u2019infections enregistr\u00e9es.<\/p>\n<p><br class=\"autobr\"\/><br \/>\n\u00a0La liste des wilayas concern\u00e9es par le confinement sanitaire partiel sera \u00e9valu\u00e9e et r\u00e9vis\u00e9e chaque quinzaine, selon les crit\u00e8res sus \u00e9voqu\u00e9s, afin de v\u00e9rifier que les mesures mises en \u0153uvre n\u2019ont pas favoris\u00e9 le risque de transmission de la maladie. En tout \u00e9tat de cause, le niveau d\u2019incertitude scientifique et m\u00e9dicale sur l\u2019\u00e9volution de l\u2019\u00e9pid\u00e9mie requiert une tr\u00e8s grande prudence, qui restera de mise apr\u00e8s le 14 juin.<\/p>\n<p><br class=\"autobr\"\/><br \/>\n\u00a0Parall\u00e8lement et pour maintenir la vigilance \u00e0 tous les niveaux, il sera proc\u00e9d\u00e9 \u00e0 la mise en place d\u2019un dispositif renforc\u00e9 de surveillance sanitaire, qui sera orient\u00e9 en priorit\u00e9 vers les wilayas concern\u00e9es par la lev\u00e9e de la mesure du confinement sanitaire, avec une strat\u00e9gie de d\u00e9tection pr\u00e9coce, notamment au niveau d\u2019\u00e9ventuels foyers ou clusters qui risquent d\u2019apparaitre \u00e0 tout moment. Ce dispositif sera appuy\u00e9 par un d\u00e9pistage cibl\u00e9 de tous les cas suspects et de leurs contacts, ce qui est essentiel pour casser la cha\u00eene de transmission du Covid-19 notamment.<\/p>\n<p><br class=\"autobr\"\/><br \/>\n\u00a0La reprise des activit\u00e9s \u00e9conomiques, commerciales et de service sera conditionn\u00e9e par le strict respect sur les lieux de travail et\/ou de regroupement, des mesures strictes de pr\u00e9vention sanitaire. Aussi, les protocoles sanitaires de pr\u00e9vention d\u00e9di\u00e9s \u00e0 chaque activit\u00e9, devront \u00eatre scrupuleusement respect\u00e9s et appliqu\u00e9s par l\u2019ensemble des op\u00e9rateurs, commer\u00e7ants, clients et usagers.<\/p>\n<p><br class=\"autobr\"\/><br \/>\n\u00a0Le plan de reprise progressive des activit\u00e9s \u00e9conomiques, commerciales et de services sera dans un premier temps d\u00e9ploy\u00e9 en deux phases\u00a0:<\/p>\n<p><br class=\"autobr\"\/><br \/>\n\u00a0-La premi\u00e8re phase qui d\u00e9butera le dimanche 07 juin 2020.<\/p>\n<p><br class=\"autobr\"\/><br \/>\n\u00a0-La seconde phase qui prendra effet \u00e0 partir du 14 juin 2020.<\/p>\n<p><br class=\"autobr\"\/><br \/>\n\u00a0-La premi\u00e8re phase concerne la reprise des activit\u00e9s ci-apr\u00e8s\u00a0:<\/p>\n<p><br class=\"autobr\"\/><br \/>\n\u00a0La reprise de l\u2019activit\u00e9 du secteur du BTPH, y compris les activit\u00e9s de sous-traitance et les bureaux d\u2019\u00e9tudes (architecture, urbanisme, g\u00e9nie civil ), avec l\u2019organisation des transports du personnel, \u00e0 la charge des entreprises, qui sera autoris\u00e9 \u00e0 circuler sur l\u2019ensemble du territoire national de 05h00 du matin jusqu\u2019\u00e0 19h00 dans le respect des consignes sanitaire et de s\u00e9curit\u00e9 \u00e9dict\u00e9es en la mati\u00e8re.<\/p>\n<p><br class=\"autobr\"\/><br \/>\nLa relance des travaux sur les chantiers est subordonn\u00e9e au respect par les employeurs de la disponibilit\u00e9 des \u00e9quipements de protection individuelles des travailleurs (masques, gants, casques), \u00e0 la planification des travaux de fa\u00e7on \u00e0 respecter la distanciation physique et lorsque c\u2019est le cas, \u00e0 l\u2019organisation des conditions de leur h\u00e9bergement et de leur restauration rapide, qui doit tenir compte des consignes de distanciation physique, d\u2019hygi\u00e8ne et de d\u00e9sinfection r\u00e9guli\u00e8re des locaux et des lieux.<\/p>\n<p><br class=\"autobr\"\/><br \/>\n\u00a0De m\u00eame que, l\u2019utilisation des moyens de transport des travailleurs, d\u2019engins et de v\u00e9hicules de chantier, doit r\u00e9pondre aux exigences des protocoles sanitaires particuli\u00e8rement le nettoyage r\u00e9gulier et la d\u00e9sinfection quotidienne.<\/p>\n<p><br class=\"autobr\"\/><br \/>\n\u00a0La reprise de l\u2019activit\u00e9 commerciale et de service concernera une premi\u00e8re cat\u00e9gorie, \u00e0 savoir\u00a0:<\/p>\n<p><br class=\"autobr\"\/><br \/>\n\u00a0-Les artisans c\u00e9ramistes, les plombiers, les menuisiers, les peintres.<\/p>\n<p><br class=\"autobr\"\/><br \/>\n\u00a0-Les agences de voyage.<\/p>\n<p><br class=\"autobr\"\/><br \/>\n\u00a0-Les agences immobili\u00e8res.<\/p>\n<p><br class=\"autobr\"\/><br \/>\n\u00a0-La vente de produits d\u2019artisanat.<\/p>\n<p><br class=\"autobr\"\/><br \/>\n\u00a0-Les activit\u00e9s de cordonnier et de tailleur.<\/p>\n<p><br class=\"autobr\"\/><br \/>\n\u00a0-L\u2019activit\u00e9 de maintenance et de r\u00e9paration.<\/p>\n<p><br class=\"autobr\"\/><br \/>\n\u00a0-Le commerce d\u2019articles m\u00e9nagers et de d\u00e9coration.<\/p>\n<p><br class=\"autobr\"\/><br \/>\n\u00a0-Le commerce d\u2019articles de sport.<\/p>\n<p><br class=\"autobr\"\/><br \/>\n\u00a0-Le commerce de jeux et de jouets.<\/p>\n<p><br class=\"autobr\"\/><br \/>\n\u00a0-Les p\u00e2tisseries et confiseries.<\/p>\n<p><br class=\"autobr\"\/><br \/>\n\u00a0-La vente \u00e0 emporter de glaces et de boissons.<\/p>\n<p><br class=\"autobr\"\/><br \/>\n\u00a0-Les fast-foods, uniquement la vente \u00e0 emporter.<\/p>\n<p><br class=\"autobr\"\/><br \/>\n\u00a0-Le commerce de literies et tissus d\u2019ameublement.<\/p>\n<p><br class=\"autobr\"\/><br \/>\n\u00a0-Le commerce des appareils \u00e9lectrom\u00e9nagers.<\/p>\n<p><br class=\"autobr\"\/><br \/>\n\u00a0-La vente des produits cosm\u00e9tiques et d\u2019hygi\u00e8ne.<\/p>\n<p><br class=\"autobr\"\/><br \/>\n\u00a0-Le commerce de fleurs, les p\u00e9pini\u00e9ristes et les herboristes.<\/p>\n<p><br class=\"autobr\"\/><br \/>\n\u00a0-Les studios photographiques et les activit\u00e9s de tirages de plans et de photocopie.<\/p>\n<p><br class=\"autobr\"\/><br \/>\n\u00a0-Les douches \u00e0 l\u2019exception des hammams.<\/p>\n<p><br class=\"autobr\"\/><br \/>\n\u00a0-La maintenance, le d\u00e9pannage et le lavage de v\u00e9hicules.<\/p>\n<p><br class=\"autobr\"\/><br \/>\n\u00a0-Les galeries d\u2019art.<\/p>\n<p><br class=\"autobr\"\/><br \/>\n\u00a0-Le commerce des instruments de musique.<\/p>\n<p><br class=\"autobr\"\/><br \/>\n\u00a0-Les antiquaires et brocantes.<\/p>\n<p><br class=\"autobr\"\/><br \/>\n\u00a0-Les librairies et papeteries.<\/p>\n<p><br class=\"autobr\"\/><br \/>\n\u00a0-Les salons de coiffures pour hommes.<\/p>\n<p><br class=\"autobr\"\/><br \/>\n\u00a0-Les march\u00e9s \u00e0 bestiaux.<\/p>\n<p><br class=\"autobr\"\/><br \/>\n\u00a0Aussi, un dispositif pr\u00e9ventif d\u2019accompagnement particulier aux activit\u00e9s autoris\u00e9es, devra \u00eatre mis en place par les diff\u00e9rents op\u00e9rateurs et commer\u00e7ants concern\u00e9s, comprenant notamment\u00a0:<\/p>\n<p><br class=\"autobr\"\/><br \/>\n\u00a0-L\u2019obligation du port du masque.<\/p>\n<p><br class=\"autobr\"\/><br \/>\n\u00a0-L\u2019affichage des mesures barri\u00e8res et de pr\u00e9vention sur les lieux.<\/p>\n<p><br class=\"autobr\"\/><br \/>\n\u00a0-L\u2019organisation des acc\u00e8s et des files d\u2019attentes \u00e0 l\u2019ext\u00e9rieur et \u00e0 l\u2019int\u00e9rieur des locaux de fa\u00e7on \u00e0 respecter l\u2019espacement et la distance physique, tout en limitant le nombre de personnes pr\u00e9sentes au m\u00eame lieu.<\/p>\n<p><br class=\"autobr\"\/><br \/>\n\u00a0-La mise en place \u00e0 l\u2019int\u00e9rieur des locaux, d\u2019un sens unique de circulation, de marquage lisible au sol et de barri\u00e8res, pour \u00e9viter les croisements des clients.<\/p>\n<p><br class=\"autobr\"\/><br \/>\n\u00a0-L\u2019installation de paillasses de d\u00e9sinfection aux entr\u00e9es.<\/p>\n<p><br class=\"autobr\"\/><br \/>\n\u00a0-La mise \u00e0 la disposition des usagers et des clients de solution hydro-alcoolique.<\/p>\n<p><br class=\"autobr\"\/><br \/>\n\u00a0-Le nettoyage et la d\u00e9sinfection quotidienne des locaux.<\/p>\n<p><br class=\"autobr\"\/><br \/>\n\u00a0-La d\u00e9sinfection des pi\u00e8ces de monnaie et des billets de banques.<\/p>\n<p><br class=\"autobr\"\/><br \/>\n\u00a0-Pr\u00e9voir des bacs d\u00e9di\u00e9s \u00e0 recueillir les masques, gants, mouchoirs ou mat\u00e9riel m\u00e9dical usag\u00e9.<\/p>\n<p><br class=\"autobr\"\/><br \/>\n\u00a0Il importe de pr\u00e9ciser que tous les clients doivent se doter d\u2019un masque de protection et que les responsables et g\u00e9rants des \u00e9tablissements seront tenus responsables du non respect de cette obligation.<\/p>\n<p><br class=\"autobr\"\/><br \/>\nToutefois, la particularit\u00e9 de l\u2019activit\u00e9 des salons de coiffures hommes n\u00e9cessite d\u2019organiser cette activit\u00e9 par voie de rendez-vous, de respecter strictement l\u2019obligation du port du masque par le coiffeur et le client, la limitation de l\u2019acc\u00e8s au local \u00e0 deux clients au maximum ainsi que le nettoyage et la d\u00e9sinfection fr\u00e9quents du local et des instruments et effets utilis\u00e9s.<\/p>\n<p><br class=\"autobr\"\/><br \/>\n\u00a0Concernant les march\u00e9s \u00e0 bestiaux hebdomadaires, les march\u00e9s de fruits et l\u00e9gumes ainsi que les souks et grands espaces de vente de proximit\u00e9, ils feront l\u2019objet d\u2019une attention particuli\u00e8re, o\u00f9 toutes les mesures sanitaires \u00e9dict\u00e9es doivent \u00eatre appliqu\u00e9es rigoureusement par les responsables du march\u00e9, notamment le port du masque obligatoire, la distanciation physique, la d\u00e9sinfection des lieux et la mise \u00e0 disposition des gels hydro alcoolique ainsi que le contr\u00f4le et l\u2019organisation des acc\u00e8s, par l\u2019usage d\u2019appareil, l\u2019installation de couloirs et de paillasses de d\u00e9sinfection aux entr\u00e9es et la mat\u00e9rialisation des circuits de circulation des usagers par le moyen de tra\u00e7age et de panneaux d\u2019indication. Le contr\u00f4le de l\u2019application de ces mesures par les commer\u00e7ants sera assur\u00e9 par les autorit\u00e9s habilit\u00e9es.<\/p>\n<p><br class=\"autobr\"\/><br \/>\n\u00a0Ce dispositif d\u2019accompagnement sera adoss\u00e9 \u00e0 l\u2019arsenal juridique national de pr\u00e9vention en mati\u00e8re d\u2019hygi\u00e8ne et de s\u00e9curit\u00e9 et de m\u00e9decine du travail, notamment la loi cadre n 88-07 relative \u00e0 l\u2019hygi\u00e8ne, la s\u00e9curit\u00e9 et la m\u00e9decine du travail. Dans ce cadre, les organismes de pr\u00e9vention notamment ceux sous tutelle du minist\u00e8re du travail, \u00e0 l\u2019exemple de l\u2019Institut National de Pr\u00e9vention des Risques Professionnels et l\u2019Organisme<\/p>\n<p><br class=\"autobr\"\/><br \/>\nde Pr\u00e9vention des Risques Professionnels dans les activit\u00e9s du B\u00e2timent, des Travaux Publics et de l\u2019Hydraulique, seront mis \u00e0 contribution en relation avec les organismes employeurs \u00e0 l\u2019effet d\u2019int\u00e9grer les mesures sanitaires \u00e0 observer au titre de la pr\u00e9vention et de la lutte contre le COVID-19, dans les r\u00e8glements int\u00e9rieurs des entreprises.<\/p>\n<p><br class=\"autobr\"\/><br \/>\n\u00a0En sus des services d\u2019inspection du travail, les comit\u00e9s inter-entreprises d\u2019hygi\u00e8ne et de s\u00e9curit\u00e9 ainsi que les services d\u2019hygi\u00e8ne et de s\u00e9curit\u00e9 des entreprises et les structures en charge de la suret\u00e9 interne des entreprises (SIE) seront totalement impliqu\u00e9es dans ce dispositif de pr\u00e9vention et exerceront \u00e0 ce titre, toutes leurs attributions de contr\u00f4le.<\/p>\n<p><br class=\"autobr\"\/><br \/>\nLes partenaires sociaux seront \u00e9galement fortement impliqu\u00e9s dans cette d\u00e9marche.<\/p>\n<p><br class=\"autobr\"\/><br \/>\n\u00a0La Commission de wilaya charg\u00e9e de coordonner l\u2019action sectorielle de pr\u00e9vention et de lutte contre la pand\u00e9mie du Coronavirus Covid-19, en relation avec les services de sant\u00e9, les services v\u00e9t\u00e9rinaires, les collectivit\u00e9s territoriales et les services de s\u00e9curit\u00e9, veilleront chacun en ce qui le concerne, \u00e0 l\u2019application de l\u2019ensemble des mesures de pr\u00e9vention. Le non respect de ces mesures donnera lieu \u00e0 la fermeture imm\u00e9diate du commerce ou de l\u2019activit\u00e9 concern\u00e9 et \u00e0 l\u2019application<\/p>\n<p><br class=\"autobr\"\/><br \/>\nrigoureuse des sanctions pr\u00e9vues par la l\u00e9gislation et la r\u00e9glementation en vigueur.<\/p>\n<p><br class=\"autobr\"\/><br \/>\n\u00a0Par ailleurs, le plan de reprise progressive et graduelle \u00e0 partir du 14 juin 2020 des activit\u00e9s commerciales et \u00e9conomiques dans sa deuxi\u00e8me phase, concernera d\u2019autres activit\u00e9s qui seront identifi\u00e9es et arr\u00eat\u00e9es par les pouvoirs publics en fonction de l\u2019\u00e9volution de la situation sanitaire et du comportement des usagers. Il s\u2019agit notamment de certaines activit\u00e9s de transport par taxi ainsi que la restauration et les d\u00e9bits de boissons, dont l\u2019organisation sera pr\u00e9cis\u00e9e en temps opportun.<\/p>\n<p><br class=\"autobr\"\/><br \/>\n\u00a0Enfin, le Gouvernement rappelle que la r\u00e9ussite du plan de reprise de l\u2019activit\u00e9 \u00e9conomique demeure conditionn\u00e9e par la capacit\u00e9 des commer\u00e7ants et op\u00e9rateurs \u00e0 assurer la s\u00e9curit\u00e9 sanitaire de leurs employ\u00e9s et clients et r\u00e9it\u00e8re ses appels aux citoyens \u00e0 demeurer vigilants et \u00e0\u00a0continuer \u00e0 observer, avec rigueur et sens de responsabilit\u00e9, les mesures d\u2019hygi\u00e8ne, de distanciation sociale et de protection, qui demeurent les seuls moyens \u00e0 m\u00eame d\u2019endiguer la propagation de cette \u00e9pid\u00e9mie.<\/p>\n<p><br class=\"autobr\"\/><br \/>\n\u00a0Pour ce faire, le gouvernement ne cesse d\u2019appeler \u00e0 la prudence et \u00e0 l\u2019esprit de responsabilit\u00e9 individuelle et collective, qui restent les meilleurs remparts pour d\u00e9passer cette crise sanitaire et ses cons\u00e9quences \u00e9conomiques et sociales.<\/p>\n<p><br class=\"autobr\"\/><br \/>\n\u00a0A l\u2019entame de cette op\u00e9ration de d\u00e9confinement, qui sera progressive, flexible et adapt\u00e9e \u00e0 la situation \u00e9pid\u00e9miologique nationale et locale, qui sera men\u00e9e en \u00e9troite collaboration avec l\u2019autorit\u00e9 sanitaire et le comit\u00e9 scientifique, il est n\u00e9cessaire d\u2019indiquer que la conduite de celle-ci pose plus de contraintes que ne l\u2019a \u00e9t\u00e9 le confinement.<\/p>\n<p><br class=\"autobr\"\/><br \/>\n\u00a0En effet, le d\u00e9fi principal auquel nous devons faire face collectivement, pouvoirs publics, corps m\u00e9dical, commer\u00e7ants, op\u00e9rateurs et citoyens, c\u2019est de ne pas assister \u00e0 la remise en cause des r\u00e9sultats obtenus en mati\u00e8re de stabilisation de la situation \u00e9pid\u00e9miologique au prix de lourds sacrifices humains et des efforts endur\u00e9s et d\u00e9ploy\u00e9s par la nation toute enti\u00e8re.<\/p>\n<p><br class=\"autobr\"\/><br \/>\n\u00a0Pour ne pas perdre ces acquis, nous devons maintenir notre engagement citoyen individuel et collectif, pour surpasser cette crise sanitaire\u00a0et ses cons\u00e9quences multidimensionnelles. C\u2019est dans ces moments d\u00e9licats que la solidarit\u00e9 nationale doit encore une fois se manifester entre tous les enfants de la patrie.<\/p>\n<p><br class=\"autobr\"\/><br \/>\n\u00a0Il est du devoir du Gouvernement de rappeler que les mesures de sortie du confinement ne doivent en aucune mani\u00e8re signifier un retour \u00e0 la vie normale, mais bien au contraire inciter \u00e0 la prudence et \u00e0 la vigilance car la menace de l\u2019\u00e9pid\u00e9mie demeure omnipr\u00e9sente.<\/p>\n<p>Auteur: Kamel Mansari<br \/>\n<a href=\"http:\/\/www.jeune-independant.net\/Covod-19-Reprise-des-activites-a.html\">Cliquez ici pour lire l&rsquo;article depuis sa source.<\/a><\/p>\n","protected":false},"excerpt":{"rendered":"<p>La reprise des activit\u00e9s \u00e9conomiques et commerciales se fera progressivement \u00e0 partir du 7 juin selon un calendrier \u00ab\u00a0flexible\u00a0\u00bb d\u00e9fini par le Premier Ministre Abdelaziz Djerad et qui tient compte de leur impact socio-\u00e9conomique et du risque de transmission du Covid-19. C\u2019est ce qu\u2019a annonc\u00e9 jeudi un communiqu\u00e9 des services du Premier ministre, dont voici [&hellip;]<\/p>\n","protected":false},"author":1737,"featured_media":0,"comment_status":"closed","ping_status":"closed","sticky":false,"template":"","format":"standard","meta":{"fifu_image_url":"","fifu_image_alt":"","footnotes":""},"categories":[73,53],"tags":[],"class_list":["post-87856","post","type-post","status-publish","format-standard","hentry","category-actualite","category-algerie"],"_links":{"self":[{"href":"https:\/\/linitiative.ca\/International\/wp-json\/wp\/v2\/posts\/87856","targetHints":{"allow":["GET"]}}],"collection":[{"href":"https:\/\/linitiative.ca\/International\/wp-json\/wp\/v2\/posts"}],"about":[{"href":"https:\/\/linitiative.ca\/International\/wp-json\/wp\/v2\/types\/post"}],"author":[{"embeddable":true,"href":"https:\/\/linitiative.ca\/International\/wp-json\/wp\/v2\/users\/1737"}],"replies":[{"embeddable":true,"href":"https:\/\/linitiative.ca\/International\/wp-json\/wp\/v2\/comments?post=87856"}],"version-history":[{"count":0,"href":"https:\/\/linitiative.ca\/International\/wp-json\/wp\/v2\/posts\/87856\/revisions"}],"wp:attachment":[{"href":"https:\/\/linitiative.ca\/International\/wp-json\/wp\/v2\/media?parent=87856"}],"wp:term":[{"taxonomy":"category","embeddable":true,"href":"https:\/\/linitiative.ca\/International\/wp-json\/wp\/v2\/categories?post=87856"},{"taxonomy":"post_tag","embeddable":true,"href":"https:\/\/linitiative.ca\/International\/wp-json\/wp\/v2\/tags?post=87856"}],"curies":[{"name":"wp","href":"https:\/\/api.w.org\/{rel}","templated":true}]}}