{"id":87861,"date":"2020-06-04T11:19:00","date_gmt":"2020-06-04T15:19:00","guid":{"rendered":"https:\/\/linitiative.ca\/International\/abdelkader-maalej-comment-va-notre-tele\/"},"modified":"2020-06-04T11:19:00","modified_gmt":"2020-06-04T15:19:00","slug":"abdelkader-maalej-comment-va-notre-tele","status":"publish","type":"post","link":"https:\/\/linitiative.ca\/International\/abdelkader-maalej-comment-va-notre-tele\/","title":{"rendered":"Abdelkader Maalej: Comment va notre t\u00e9l\u00e9"},"content":{"rendered":"<p>Il y\u2019a quelques jours notre chaine de t\u00e9l\u00e9vision nationale a f\u00eat\u00e9 sans beaucoup de bruit son cinquante quatri\u00e8me anniversaire. En ma qualit\u00e9 d\u2019ancien communicateur et ayant d\u00e9j\u00e0 publi\u00e9 plusieurs livres sur l\u2019histoire de la presse en Tunisie, je pense qu\u2019il est de mon devoir de dire au moins quelques mots sur l\u2019audiovisuel tunisien. Mon actuel propos ne concernera pas uniquement le secteur publique mais le secteur priv\u00e9 \u00e9galement puisque la plupart des chaines de t\u00e9l\u00e9vision tunisiennes- une douzaine au moins- appartiennent actuellement au secteur priv\u00e9 alors que trois seulement sont du secteur publique si je ne me trompe pas.<\/p>\n<p>La question \u00e0 laquelle je vais essayer de r\u00e9pondre est de savoir si les t\u00e9l\u00e9visions tunisiennes, tous genres confondus, ont jou\u00e9 le r\u00f4le qui leur est d\u00e9volu.<\/p>\n<p>Et tout d\u2019abord quel r\u00f4le doit jouer une chaine de t\u00e9l\u00e9vision ? Il est commun\u00e9ment admis qu\u2019une chaine de t\u00e9l\u00e9vision doit jouer trois r\u00f4les \u00e0 savoir informer, divertir et cultiver. A cet \u00e9gard on dit depuis belle lurette que 70 pour cent de la culture qu\u2019un individu acquiert proviennent des moyens de communication.<\/p>\n<p>Pour ce qui est l\u2019information on peut dire sans trop de risques de se tromper que la t\u00e9l\u00e9vision a globalement jou\u00e9 son r\u00f4le. Des bulletins d\u2019information sont r\u00e9guli\u00e8rement diffus\u00e9s \u00e0 des heures pr\u00e9cises. Tout bulletin d\u2019information comporte g\u00e9n\u00e9ralement trois volets nationaux internationaux et sportifs. La presse d\u2019investigation n\u2019est pas aussi absente ; on peut citer \u00e0 titre d\u2019exemple l\u2019\u00e9mission les quatre v\u00e9rit\u00e9s pr\u00e9sent\u00e9e par la chaine Alhiwar attounsi etc. La deuxi\u00e8me chaine nationale transmet en direct depuis quelques ann\u00e9es les travaux des s\u00e9ances\u00a0 pl\u00e9ni\u00e8res du parlement tunisien.<\/p>\n<p>Concernant l\u2019analyse de l\u2019information proprement dite on peut constater qu\u2019il y\u2019a m\u00eame une pl\u00e9thore de plateaux t\u00e9l\u00e9vis\u00e9s organis\u00e9s tous les soirs\u00a0 par presque toutes les chaines de t\u00e9l\u00e9vision. Personnellement je me trouve tous les soirs\u00a0 oblig\u00e9, malgr\u00e9 moi, de choisir un plateau et rater\u00a0 plusieurs autres.<\/p>\n<p>Le divertissement occupe, quant \u00e0 lui, une place de choix dans toutes les chaines. Jour et nuit toutes les chaines n\u2019ont de cesse de pr\u00e9senter des films, des feuilletons et parfois des pi\u00e8ces de th\u00e9\u00e2tre.\u00a0 Toutes les semaines elles\u00a0 programment une fois au moins, une \u00e9mission r\u00e9unissant un certain nombre de chroniqueurs hommes et femmes \u00e9l\u00e9gamment habill\u00e9s dont le r\u00f4le consiste \u00e0 discuter \u00e0 b\u00e2tons rompus\u00a0 de tout avec un peu d\u2019humour et la plupart du temps sans tableau de bord pr\u00e9alable. D\u2019aucuns parmi les pr\u00e9sentateurs pr\u00e9f\u00e8rent inviter un acteur ou surtout une actrice et un chanteur ou surtout\u00a0 une cantatrice tr\u00e8s bien habill\u00e9e et \u00e9l\u00e9gamment maquill\u00e9e pour engager\u00a0 avec lui ou elle un une sorte d\u2019interview concernant la vie artistique et surtout priv\u00e9e voire intime de la personne invit\u00e9e.<\/p>\n<p>La culture est malheureusement le parent pauvre de toutes les chaines. Adieu maintenant aux programmes culturels alias produits par des t\u00e9nors de la culture \u00e0 l\u2019instar de Hicham Boougamra, Fraj Chouchen, Mustapha Fersi, Moncef Charfeddine, Mustapha Attia ou par des journalistes chevronn\u00e9s \u00e0 l\u2019instar de B\u00e9chir Rejab, Hatem Amara Walid Tlili, feu Salah Jgham et j\u2019en passe. Signalons qu\u2019il\u00a0 n\u2019y avait pas que des hommes pr\u00e9sentateurs d\u2019\u00e9missions culturelles. Les femmes participaient elles aussi \u00e0 ce genre d\u2019activit\u00e9s culturelles \u00e0 l\u2019instar des d\u00e9funtes Alia Babbou qui produisait des \u00e9missions consacr\u00e9e\u00a0 aux femmes tunisiennes et aux enfants\u00a0 et Wahida Belhaj qui produisait une \u00e9mission tir\u00e9e des archives de la chaine. Deux autres figures de radio Sfax s\u2019\u00e9taient aussi distingu\u00e9es chacune par une \u00e9mission unique en son genre. Il s\u2019agit de Ibtissam Mkawar productrice du programme Phares \u0642\u0646\u0627\u062f\u064a\u0644 avec la participation de Ridha\u00a0 Besbes, et Najiba Maalej\u00a0 Derbel productrice\u00a0 de l\u2019\u00e9mission Langue du dhad \u2013 l\u2019arabe- \u0644\u063a\u0629 \u0627\u0644\u0636\u0627\u062f avec la participation de Abdelmajid Hadj Kacem<\/p>\n<p>Hormis\u00a0 deux \u00e9missions pr\u00e9sent\u00e9es par les deux chaines nationales au\u00a0 week end, en l\u2019occurrence\u00a0 Pas possible \u0645\u0634\u00a0 \u0645\u0645\u0643\u0646 \u00e9mission produite par Imed Dabbour\u00a0 samedi soir et Caf\u00e9 arabe \u0642\u0647\u0648\u0629 \u0639\u0631\u0628\u064a pr\u00e9sent\u00e9e par Insaf Yahyaoui dimanche soir, on ne voit presque rien de dit sur les lettres et la culture dans nos t\u00e9l\u00e9visions. M\u00eame les f\u00e9tiches programmes pr\u00e9sent\u00e9s par Samir Elwafi sous diff\u00e9rends titres dont en toute franchise ont disparu de la grille de Hannibal.<\/p>\n<p>Trois penseurs seulement \u00e0 ma connaissance ont fait leur parution\u00a0 dans une ou deux chaines, en l\u2019occurrence Abdlmajid Charfi\u00a0 invit\u00e9 une ou deux fois, Hammadi Ben Jaballah invit\u00e9 une seule fois Youssef Seddiq invit\u00e9 3 ou 4 fois et feu Mohamed Talbi sarcastiquement interview\u00e9 par plus\u00a0 d\u2019une chaine. Hormis ces penseurs et ils sont tous islamologues aucun autre penseur ou homme de lettres tunisien, n\u2019a eu droit au chapitre et ce depuis la soit disant r\u00e9volution du 14 janvier 1911.<\/p>\n<p>Pour ne pas clore ce propos sur une note pessimiste disons simplement qu\u2019une\u00a0 radio culturelle rattach\u00e9e \u00e0 la chaine nationale a \u00e9t\u00e9 cr\u00e9e depuis plusieurs\u00a0 ann\u00e9es. Cette radio permet \u00e0 ces auditeurs d\u2019\u00eatre \u00e0 la page de ce qui se produit en Tunisie dans les domaines de lettres et des arts.\u00a0<\/p>\n<p class=\"c2\"><strong>Abdelkader Maalej<\/strong><br \/>\u00a0<\/p>\n<p>Auteur:<br \/>\n<a href=\"https:\/\/www.leaders.com.tn\/article\/30051-abdelkader-maalej-comment-va-notre-tele\">Cliquez ici pour lire l&rsquo;article depuis sa source.<\/a><\/p>\n","protected":false},"excerpt":{"rendered":"<p>Il y\u2019a quelques jours notre chaine de t\u00e9l\u00e9vision nationale a f\u00eat\u00e9 sans beaucoup de bruit son cinquante quatri\u00e8me anniversaire. En ma qualit\u00e9 d\u2019ancien communicateur et ayant d\u00e9j\u00e0 publi\u00e9 plusieurs livres sur l\u2019histoire de la presse en Tunisie, je pense qu\u2019il est de mon devoir de dire au moins quelques mots sur l\u2019audiovisuel tunisien. Mon actuel [&hellip;]<\/p>\n","protected":false},"author":1772,"featured_media":0,"comment_status":"closed","ping_status":"closed","sticky":false,"template":"","format":"standard","meta":{"fifu_image_url":"","fifu_image_alt":"","footnotes":""},"categories":[73,55],"tags":[],"class_list":["post-87861","post","type-post","status-publish","format-standard","hentry","category-actualite","category-tunisie"],"_links":{"self":[{"href":"https:\/\/linitiative.ca\/International\/wp-json\/wp\/v2\/posts\/87861","targetHints":{"allow":["GET"]}}],"collection":[{"href":"https:\/\/linitiative.ca\/International\/wp-json\/wp\/v2\/posts"}],"about":[{"href":"https:\/\/linitiative.ca\/International\/wp-json\/wp\/v2\/types\/post"}],"author":[{"embeddable":true,"href":"https:\/\/linitiative.ca\/International\/wp-json\/wp\/v2\/users\/1772"}],"replies":[{"embeddable":true,"href":"https:\/\/linitiative.ca\/International\/wp-json\/wp\/v2\/comments?post=87861"}],"version-history":[{"count":0,"href":"https:\/\/linitiative.ca\/International\/wp-json\/wp\/v2\/posts\/87861\/revisions"}],"wp:attachment":[{"href":"https:\/\/linitiative.ca\/International\/wp-json\/wp\/v2\/media?parent=87861"}],"wp:term":[{"taxonomy":"category","embeddable":true,"href":"https:\/\/linitiative.ca\/International\/wp-json\/wp\/v2\/categories?post=87861"},{"taxonomy":"post_tag","embeddable":true,"href":"https:\/\/linitiative.ca\/International\/wp-json\/wp\/v2\/tags?post=87861"}],"curies":[{"name":"wp","href":"https:\/\/api.w.org\/{rel}","templated":true}]}}