{"id":87869,"date":"2020-06-04T11:03:24","date_gmt":"2020-06-04T15:03:24","guid":{"rendered":"https:\/\/linitiative.ca\/International\/enseignement-francais-au-maroc-les-parents-deleves-obtiennent-des-avancees\/"},"modified":"2020-06-04T11:03:24","modified_gmt":"2020-06-04T15:03:24","slug":"enseignement-francais-au-maroc-les-parents-deleves-obtiennent-des-avancees","status":"publish","type":"post","link":"https:\/\/linitiative.ca\/International\/enseignement-francais-au-maroc-les-parents-deleves-obtiennent-des-avancees\/","title":{"rendered":"Enseignement fran\u00e7ais au Maroc: les parents d\u2019\u00e9l\u00e8ves obtiennent des avanc\u00e9es"},"content":{"rendered":"<p><strong>Engag\u00e9 dans une mobilisation en faveur des parents d\u2019\u00e9l\u00e8ves depuis plusieurs mois, le\u00a0Groupement des Associations du Maroc (API, APEK, PEEP et CAPE) a obtenu des avanc\u00e9es. Les d\u00e9tails.\u00a0<\/strong><\/p>\n<div class=\"c10\"\/>\n<p>Apr\u00e8s une forte mobilisation, les <strong>parents d\u2019\u00e9l\u00e8ves<\/strong> de l\u2019enseignement Fran\u00e7ais au Maroc peuvent d\u00e9sormais souffler un peu. En effet, selon le Groupement des Associations du Maroc (API, APEK, <a href=\"http:\/\/www.peep.ma\">PEEP<\/a> et CAPE), la Conseill\u00e8re Culturelle a annonc\u00e9\u00a0une augmentation limit\u00e9e des frais de scolarit\u00e9 \u00e0 hauteur de 2%\u00a0pour la rentr\u00e9e scolaire prochaine.\u00a0\u00ab\u00a0Gr\u00e2ce \u00e0 la mobilisation que nous avons men\u00e9e en votre nom au sein du Groupement des Associations du Maroc (API, APEK, PEEP et CAPE) et surtout gr\u00e2ce \u00e0 votre soutien, nous avons maintenant des premi\u00e8res confirmations sur les annonces qui circulaient\u00a0depuis un certain temps\u00a0\u00bb, indique le groupement.<\/p>\n<p>\u00ab\u00a0Nous avons veill\u00e9 depuis le d\u00e9but de cette crise li\u00e9e au\u00a0<strong>Covid-19<\/strong>\u00a0de ne vous communiquer que les revendications avec des avanc\u00e9es abouties, que certains qualifiaient alors de vaines et perdues d\u2019avance, en incitant les parents \u00e0 payer dans les meilleurs d\u00e9lais\u00a0\u00bb, ajoute-t-il. Toutefois, il reste encore des points sur lesquels le groupement attend des avanc\u00e9es. Il s\u2019agit, entre autres, de\u00a0la pr\u00e9sentation d\u2019un r\u00e8glement financier actualis\u00e9\u00a0selon les probables <strong>changements<\/strong> dus au maintien de l\u2019enseignement \u00e0 distance \u00e0 la rentr\u00e9e ou au cours de l\u2019ann\u00e9e, ainsi que de la r\u00e9\u00e9criture des engagements concernant les deux parties (parents et P\u00f4le) pour\u00a0conna\u00eetre les engagements des parents invit\u00e9s \u00e0 reconduire l\u2019inscription de leurs enfants. Un autre point concerne\u00a0le gel de l\u2019augmentation pour l\u2019ann\u00e9e \u00e0 venir ainsi que les deux ann\u00e9es suivantes\u00a0pour amortir les difficult\u00e9s de reprise li\u00e9es \u00e0 la crise sanitaire.<\/p>\n<p><strong>Lire aussi| <a href=\"https:\/\/www.challenge.ma\/covid-19-voici-les-nouvelles-dispositions-commerciales-de-ram-en-faveur-de-ses-clients-document-142824\/\">Covid-19 : voici les nouvelles dispositions commerciales de RAM en faveur de ses clients [Document]<\/a><\/strong><\/p>\n<p>\u00ab\u00a0Nous enregistrons l\u2019engagement du SCAC \u00a0\u00e0 appliquer le taux de 2% d\u2019inflation habituel pour la prochaine rentr\u00e9e, accompagn\u00e9 de mesures compl\u00e9mentaires concernant les frais de premi\u00e8re inscription. Il faudra \u00e9galement rassurer les parents quant \u00e0 l\u2019effet que cela induira sur l\u2019\u00e9quilibre budg\u00e9taire, le r\u00e9sultat d\u2019exercice pr\u00e9visionnel de certains p\u00f4les \u00e9tant en mesure de couvrir cette mesure sans avoir \u00e0 faire appel \u00e0 une part de l\u2019avance octroy\u00e9e et cit\u00e9e en r\u00e9f\u00e9rence\u00a0\u00bb, pr\u00e9cise le groupement. Un autre point important porte sur\u00a0la prise en consid\u00e9ration des surco\u00fbts auxquels les familles ont d\u00fb faire face en rapport avec l\u2019EAD (<strong>Enseignement A Distance<\/strong>), \u00e9valu\u00e9s \u00e0 hauteur de 4000 DH par famille sur la base du sondage du groupement.\u00a0L\u2019implication des APE dans les d\u00e9cisions financi\u00e8res engageant nos \u00e9tablissements pour le futurdemeure aussi un point important de la mobilisation. Enfin, le groupement souligne qu\u2019il poursuivra la mobilisation jusqu\u2019au bout.<\/p>\n<div class=\"c17\">\n<fieldset class=\"c16\">\n<legend><strong><span class=\"c11\">Challenge<\/span><span class=\"c12\">news<\/span><\/strong><\/legend>\n<div class=\"c15\">Le meilleur de Challenge s\u00e9lectionn\u00e9 par la r\u00e9daction :<\/p>\n<\/div>\n<\/fieldset>\n<\/div>\n<p>Auteur: challenge<br \/>\n<a href=\"https:\/\/www.challenge.ma\/enseignement-francais-au-maroc-les-parents-deleves-obtiennent-des-avancees-143199\/\">Cliquez ici pour lire l&rsquo;article depuis sa source.<\/a><\/p>\n","protected":false},"excerpt":{"rendered":"<p>Engag\u00e9 dans une mobilisation en faveur des parents d\u2019\u00e9l\u00e8ves depuis plusieurs mois, le\u00a0Groupement des Associations du Maroc (API, APEK, PEEP et CAPE) a obtenu des avanc\u00e9es. Les d\u00e9tails.\u00a0 Apr\u00e8s une forte mobilisation, les parents d\u2019\u00e9l\u00e8ves de l\u2019enseignement Fran\u00e7ais au Maroc peuvent d\u00e9sormais souffler un peu. En effet, selon le Groupement des Associations du Maroc (API, [&hellip;]<\/p>\n","protected":false},"author":1787,"featured_media":0,"comment_status":"closed","ping_status":"closed","sticky":false,"template":"","format":"standard","meta":{"fifu_image_url":"","fifu_image_alt":"","footnotes":""},"categories":[78,54],"tags":[],"class_list":["post-87869","post","type-post","status-publish","format-standard","hentry","category-economie","category-maroc"],"_links":{"self":[{"href":"https:\/\/linitiative.ca\/International\/wp-json\/wp\/v2\/posts\/87869","targetHints":{"allow":["GET"]}}],"collection":[{"href":"https:\/\/linitiative.ca\/International\/wp-json\/wp\/v2\/posts"}],"about":[{"href":"https:\/\/linitiative.ca\/International\/wp-json\/wp\/v2\/types\/post"}],"author":[{"embeddable":true,"href":"https:\/\/linitiative.ca\/International\/wp-json\/wp\/v2\/users\/1787"}],"replies":[{"embeddable":true,"href":"https:\/\/linitiative.ca\/International\/wp-json\/wp\/v2\/comments?post=87869"}],"version-history":[{"count":0,"href":"https:\/\/linitiative.ca\/International\/wp-json\/wp\/v2\/posts\/87869\/revisions"}],"wp:attachment":[{"href":"https:\/\/linitiative.ca\/International\/wp-json\/wp\/v2\/media?parent=87869"}],"wp:term":[{"taxonomy":"category","embeddable":true,"href":"https:\/\/linitiative.ca\/International\/wp-json\/wp\/v2\/categories?post=87869"},{"taxonomy":"post_tag","embeddable":true,"href":"https:\/\/linitiative.ca\/International\/wp-json\/wp\/v2\/tags?post=87869"}],"curies":[{"name":"wp","href":"https:\/\/api.w.org\/{rel}","templated":true}]}}