{"id":87870,"date":"2020-06-04T11:45:59","date_gmt":"2020-06-04T15:45:59","guid":{"rendered":"https:\/\/linitiative.ca\/International\/vrai-ou-fake-sur-la-covid-19-au-maroc-jeudi-4-juin\/"},"modified":"2020-06-04T11:45:59","modified_gmt":"2020-06-04T15:45:59","slug":"vrai-ou-fake-sur-la-covid-19-au-maroc-jeudi-4-juin","status":"publish","type":"post","link":"https:\/\/linitiative.ca\/International\/vrai-ou-fake-sur-la-covid-19-au-maroc-jeudi-4-juin\/","title":{"rendered":"Vrai ou Fake sur la covid-19 au Maroc, jeudi 4 juin"},"content":{"rendered":"<p><strong>Le Coronavirus, qui a contamin\u00e9 plus de 6,6 millions de personnes dans le monde, est \u00e0 l\u2019origine d\u2019un flot de Fake news relay\u00e9es par des sites d\u2019information et sur les r\u00e9seaux sociaux. La MAP fait le tri entre l\u2019intox et les bonnes informations pour une meilleure sensibilisation.<\/strong><\/p>\n<div class=\"c10\"\/>\n<p>\u2013 Enl\u00e8vement d\u2019une jeune femme par des personnes usurpant la fonction de m\u00e9decins. <strong>FAKE<\/strong><\/p>\n<p>\u2013 45 nouveaux cas d\u2019infection au nouveau coronavirus (Covid-19) ont \u00e9t\u00e9 confirm\u00e9s au Maroc, portant \u00e0 7.967 le nombre total des cas de contamination. <strong>VRAI<\/strong><\/p>\n<p>\u2013 Les masques faciaux activent le virus et tuent les gens, en particulier ceux vaccin\u00e9s contre la grippe. <strong>FAKE<\/strong><\/p>\n<p>\u2013 SM le Roi Mohammed VI a appel\u00e9 le patronat marocain \u00e0 d\u00e9ployer une action de d\u00e9pistage massif dans le cadre participatif de gestion de la pand\u00e9mie de la Covid-19. <strong>VRAI<\/strong><\/p>\n<p>\u2013 Le taux de survie de la pand\u00e9mie de la COVID-19 est sup\u00e9rieur \u00e0 99,9%. <strong>FAKE<\/strong><\/p>\n<p>-La strat\u00e9gie gouvernementale \u00e0 l\u2019horizon de la lev\u00e9e de l\u2019\u00e9tat d\u2019urgence sanitaire sera au menu de la s\u00e9ance mensuelle de politique g\u00e9n\u00e9rale qui se tiendra le 11 juin \u00e0 la Chambre des repr\u00e9sentants. <strong>VRAI<\/strong><\/p>\n<p><strong>Lire aussi | <a href=\"https:\/\/www.challenge.ma\/rapatriement-des-marocains-venus-dalgerie-voici-leurs-temoignages-142500\/\">Rapatriement des Marocains venus d\u2019Alg\u00e9rie : voici leurs t\u00e9moignages !<\/a><\/strong><\/p>\n<p>\u2013 La Fondation MAScIR pr\u00e9voit la fabrication de 10.000 kits de diagnostic de la Covid-19 avant fin juin. <strong>VRAI<\/strong><\/p>\n<p>\u2013 Le nombre des cas d\u2019infection au nouveau coronavirus (Covid-19) dans la r\u00e9gion de Souss-Massa s\u2019est stabilis\u00e9 \u00e0 89, pour le 4\u00e8 jour cons\u00e9cutif. <strong>VRAI<\/strong><\/p>\n<p>\u2013 Un premier cas de d\u00e9c\u00e8s par le nouveau coronavirus (Covid-19) a \u00e9t\u00e9 enregistr\u00e9 dans la r\u00e9gion de Guelmim-Oued Noun. <strong>VRAI<\/strong><\/p>\n<p>\u2013 Plus de 800 familles marocaines ont b\u00e9n\u00e9fici\u00e9 d\u2019une campagne de solidarit\u00e9 initi\u00e9e par le tissu des Marocains \u00e9tablis en Tunisie au cours des derni\u00e8res semaines. <strong>VRAI<\/strong><\/p>\n<p>\u2013 L\u2019Universit\u00e9 Sidi Mohamed Ben Abdellah (USMBA) de F\u00e8s a diffus\u00e9 410 s\u00e9ances de cours en format audio sur les stations radio r\u00e9gionales. <strong>VRAI<\/strong><\/p>\n<div class=\"c17\">\n<fieldset class=\"c16\">\n<legend><strong><span class=\"c11\">Challenge<\/span><span class=\"c12\">news<\/span><\/strong><\/legend>\n<div class=\"c15\">Le meilleur de Challenge s\u00e9lectionn\u00e9 par la r\u00e9daction :<\/p>\n<\/div>\n<\/fieldset>\n<\/div>\n<p>Auteur: Hajar DARI<br \/>\n<a href=\"https:\/\/www.challenge.ma\/vrai-ou-fake-sur-la-covid-19-au-maroc-jeudi-4-juin-143212\/\">Cliquez ici pour lire l&rsquo;article depuis sa source.<\/a><\/p>\n","protected":false},"excerpt":{"rendered":"<p>Le Coronavirus, qui a contamin\u00e9 plus de 6,6 millions de personnes dans le monde, est \u00e0 l\u2019origine d\u2019un flot de Fake news relay\u00e9es par des sites d\u2019information et sur les r\u00e9seaux sociaux. La MAP fait le tri entre l\u2019intox et les bonnes informations pour une meilleure sensibilisation. \u2013 Enl\u00e8vement d\u2019une jeune femme par des personnes [&hellip;]<\/p>\n","protected":false},"author":1787,"featured_media":0,"comment_status":"closed","ping_status":"closed","sticky":false,"template":"","format":"standard","meta":{"fifu_image_url":"","fifu_image_alt":"","footnotes":""},"categories":[78,54],"tags":[],"class_list":["post-87870","post","type-post","status-publish","format-standard","hentry","category-economie","category-maroc"],"_links":{"self":[{"href":"https:\/\/linitiative.ca\/International\/wp-json\/wp\/v2\/posts\/87870","targetHints":{"allow":["GET"]}}],"collection":[{"href":"https:\/\/linitiative.ca\/International\/wp-json\/wp\/v2\/posts"}],"about":[{"href":"https:\/\/linitiative.ca\/International\/wp-json\/wp\/v2\/types\/post"}],"author":[{"embeddable":true,"href":"https:\/\/linitiative.ca\/International\/wp-json\/wp\/v2\/users\/1787"}],"replies":[{"embeddable":true,"href":"https:\/\/linitiative.ca\/International\/wp-json\/wp\/v2\/comments?post=87870"}],"version-history":[{"count":0,"href":"https:\/\/linitiative.ca\/International\/wp-json\/wp\/v2\/posts\/87870\/revisions"}],"wp:attachment":[{"href":"https:\/\/linitiative.ca\/International\/wp-json\/wp\/v2\/media?parent=87870"}],"wp:term":[{"taxonomy":"category","embeddable":true,"href":"https:\/\/linitiative.ca\/International\/wp-json\/wp\/v2\/categories?post=87870"},{"taxonomy":"post_tag","embeddable":true,"href":"https:\/\/linitiative.ca\/International\/wp-json\/wp\/v2\/tags?post=87870"}],"curies":[{"name":"wp","href":"https:\/\/api.w.org\/{rel}","templated":true}]}}