{"id":87873,"date":"2020-06-04T13:35:05","date_gmt":"2020-06-04T17:35:05","guid":{"rendered":"https:\/\/linitiative.ca\/International\/coronavirus-fatiha-elsafy-sur-les-pas-de-moncef-slaoui\/"},"modified":"2020-06-04T13:35:05","modified_gmt":"2020-06-04T17:35:05","slug":"coronavirus-fatiha-elsafy-sur-les-pas-de-moncef-slaoui","status":"publish","type":"post","link":"https:\/\/linitiative.ca\/International\/coronavirus-fatiha-elsafy-sur-les-pas-de-moncef-slaoui\/","title":{"rendered":"Coronavirus : Fatiha Elsafy, sur les pas de Moncef Slaoui"},"content":{"rendered":"<p><strong>Fatiha Elsafy fait partie de ces scientifiques marocains de l\u2019\u00e9tranger s\u00e9lectionn\u00e9s dans le focus de notre magazine Challenge, paru le 29 mai dernier en hommage \u00e0 nos compatriotes, en premi\u00e8re ligne dans la lutte mondiale contre le Coronavirus.<\/strong><\/p>\n<div class=\"c10\"\/>\n<p>De par son parcours scolaire \u00e0 l\u2019\u00e9cole publique marocaine, Fatiha Elsafy n\u2019\u00e9tait pas du tout pr\u00e9destin\u00e9e au m\u00e9tier de chercheur scientifique dans le domaine de la sant\u00e9. Cette native de Casablanca, au palmar\u00e8s riche en d\u00e9couvertes scientifiques, est aujourd\u2019hui sur les pas du chercheur marocain en immunologie, <a href=\"https:\/\/www.challenge.ma\/coronavirus-la-face-cachee-du-marocain-qui-doit-developper-un-vaccin-tres-rapidement-140627\/\">Moncef Slaoui<\/a>, qui s\u2019est vu confi\u00e9 par le Pr\u00e9sident am\u00e9ricain Donald Trump, la direction scientifique de l\u2019op\u00e9ration \u00ab Warp Speed \u00bb consistant \u00e0 d\u00e9velopper rapidement un vaccin contre le Coronavirus. En effet, comme ce dernier, elle a travaill\u00e9 pendant deux d\u00e9cennies avec des g\u00e9ants mondiaux comme le Laboratoire Merck, Johnson &amp;Johnson, ou encore Bayer Healthcare avant d\u2019\u00eatre rep\u00e9r\u00e9e par GlaxoSmithKline (GSK) qui l\u2019affecte dans son prestigieux centre de recherche enti\u00e8rement d\u00e9di\u00e9 aux vaccins et qui porte le nom de \u00ab <em>Slaoui Center for Vaccines Research<\/em> \u00bb, \u00e0 Rockville, Maryland aux Etats Unis. Au sein de ce laboratoire de recherche qui se penche \u00e9galement sur le vaccin du nouveau Coronavirus, Fatiha Elsafy y a d\u00e9j\u00e0 fait ses preuves \u00e0 travers\u00a0 le traitement du diab\u00e8te, la maladie du zona ou encore des maladies cardiaques.<\/p>\n<p><strong>Lira aussi | <a href=\"https:\/\/www.challenge.ma\/les-secteurs-de-la-sante-devraient-beneficier-de-la-prise-de-conscience-par-les-pouvoirs-publics-141369\/\">Hicham Menjour : \u00ab\u00a0Les secteurs de la sant\u00e9 devraient b\u00e9n\u00e9ficier de la prise de conscience par les pouvoirs publics\u00a0\u00bb<\/a><\/strong><\/p>\n<p>Que de chemins parcourus ! En effet, apr\u00e8s ses classes primaires \u00e0 Casablanca \u00e0 l\u2019\u00e9cole Moulay Ismail de Derb Soltane, puis le lyc\u00e9e Oqba Ibnou Nafi de Hay Mohammadi\u00e0 Casablanca,\u00a0 Fatiha Elsafy fera son entr\u00e9e \u00e0 la <a href=\"https:\/\/www.flshm.ma\/\">Facult\u00e9 des lettres et des sciences humaines \u00e0 Mohammedia<\/a> d\u2019o\u00f9 elle sortira avec une licence en litt\u00e9rature anglaise. Partie ensuite aux Etats-Unis pour y poursuivre ses \u00e9tudes, elle fera la rencontre de son futur mari. Encourag\u00e9 par ce chirurgien de profession et chercheur au sein du National Institute of Health qui va lui transmettre sa passion, mais aussi aid\u00e9e par sa ma\u00eetrise de la langue anglaise, elle m\u00e8ne des \u00e9tudes jusqu\u2019\u00e0 l\u2019obtention d\u2019un Master in Health Science de l\u2019Universit\u00e9 George Washington (School of medecine and health sciences).<\/p>\n<div class=\"c17\">\n<fieldset class=\"c16\">\n<legend><strong><span class=\"c11\">Challenge<\/span><span class=\"c12\">news<\/span><\/strong><\/legend>\n<div class=\"c15\">Le meilleur de Challenge s\u00e9lectionn\u00e9 par la r\u00e9daction :<\/p>\n<\/div>\n<\/fieldset>\n<\/div>\n<p>Auteur: Adama Sylla<br \/>\n<a href=\"https:\/\/www.challenge.ma\/coronavirus-fatiha-elsafy-sur-les-pas-de-moncef-slaoui-143031\/\">Cliquez ici pour lire l&rsquo;article depuis sa source.<\/a><\/p>\n","protected":false},"excerpt":{"rendered":"<p>Fatiha Elsafy fait partie de ces scientifiques marocains de l\u2019\u00e9tranger s\u00e9lectionn\u00e9s dans le focus de notre magazine Challenge, paru le 29 mai dernier en hommage \u00e0 nos compatriotes, en premi\u00e8re ligne dans la lutte mondiale contre le Coronavirus. De par son parcours scolaire \u00e0 l\u2019\u00e9cole publique marocaine, Fatiha Elsafy n\u2019\u00e9tait pas du tout pr\u00e9destin\u00e9e au [&hellip;]<\/p>\n","protected":false},"author":1787,"featured_media":0,"comment_status":"closed","ping_status":"closed","sticky":false,"template":"","format":"standard","meta":{"fifu_image_url":"","fifu_image_alt":"","footnotes":""},"categories":[78,54],"tags":[],"class_list":["post-87873","post","type-post","status-publish","format-standard","hentry","category-economie","category-maroc"],"_links":{"self":[{"href":"https:\/\/linitiative.ca\/International\/wp-json\/wp\/v2\/posts\/87873","targetHints":{"allow":["GET"]}}],"collection":[{"href":"https:\/\/linitiative.ca\/International\/wp-json\/wp\/v2\/posts"}],"about":[{"href":"https:\/\/linitiative.ca\/International\/wp-json\/wp\/v2\/types\/post"}],"author":[{"embeddable":true,"href":"https:\/\/linitiative.ca\/International\/wp-json\/wp\/v2\/users\/1787"}],"replies":[{"embeddable":true,"href":"https:\/\/linitiative.ca\/International\/wp-json\/wp\/v2\/comments?post=87873"}],"version-history":[{"count":0,"href":"https:\/\/linitiative.ca\/International\/wp-json\/wp\/v2\/posts\/87873\/revisions"}],"wp:attachment":[{"href":"https:\/\/linitiative.ca\/International\/wp-json\/wp\/v2\/media?parent=87873"}],"wp:term":[{"taxonomy":"category","embeddable":true,"href":"https:\/\/linitiative.ca\/International\/wp-json\/wp\/v2\/categories?post=87873"},{"taxonomy":"post_tag","embeddable":true,"href":"https:\/\/linitiative.ca\/International\/wp-json\/wp\/v2\/tags?post=87873"}],"curies":[{"name":"wp","href":"https:\/\/api.w.org\/{rel}","templated":true}]}}