{"id":87914,"date":"2020-06-04T11:35:16","date_gmt":"2020-06-04T15:35:16","guid":{"rendered":"https:\/\/linitiative.ca\/International\/la-famille-de-fotso-victor-a-couteaux-tires\/"},"modified":"2020-06-04T11:35:16","modified_gmt":"2020-06-04T15:35:16","slug":"la-famille-de-fotso-victor-a-couteaux-tires","status":"publish","type":"post","link":"https:\/\/linitiative.ca\/International\/la-famille-de-fotso-victor-a-couteaux-tires\/","title":{"rendered":"La famille de Fotso Victor \u00e0 couteaux tir\u00e9s"},"content":{"rendered":"<p>D\u00e9c\u00e9d\u00e9 le 20 mars 2020, les obs\u00e8ques de l\u2019homme d\u2019affaires <strong>Victor Fotso<\/strong> se pr\u00e9parent activement, mais loin de toute s\u00e9r\u00e9nit\u00e9. Les derniers \u00e9v\u00e9nements en date font \u00e9tat de vives tensions au sein de la descendance directe du c\u00e9l\u00e8bre milliardaire. De profonds d\u00e9saccords transparaissent dans une correspondance adress\u00e9e par \u00ables \u00e9pouses du feu Fotso Victor\u00bb au gouverneur de la R\u00e9gion de l\u2019Ouest, <strong>Awa Fonka Augustine.<\/strong><\/p>\n<p>Un v\u00e9ritable br\u00fblot dans lequel les veuves d\u00e9clarent \u00ab\u00eatre tr\u00e8s surprises de voir d\u00e9barquer \u00e0 la r\u00e9sidence Fotso Victor, une d\u00e9l\u00e9gation form\u00e9e des autorit\u00e9s de Bandjoun (Pr\u00e9fet, Maire, Commissaire, Commandant, la belle-m\u00e8re\u2026.) pour la pr\u00e9paration des obs\u00e8ques de notre \u00e9poux\u00bb. La suite de la lettre permet de mieux cerner le quiproquo familial: \u00abla date du 20 juin 2020 est retenue par une minorit\u00e9 d\u2019enfants soutenus par le Pr\u00e9fet du Nkoung-khi pour cet \u00e9v\u00e9nement\u2026. \u00bb. Les veuves Fotso, exp\u00e9ditrices de la correspondance, parlent clairement des \u00abenfants d\u2019une ou deux \u00e9pouses\u2026les plus riches et puissants \u00bb.\u00a0<\/p>\n<p class=\"has-background has-very-light-gray-background-color c2\">&gt;<strong>&gt;Lire aussi-<a href=\"https:\/\/ecomatin.net\/victor-fotso-est-decede\/\">Victor Fotso est d\u00e9c\u00e9d\u00e9<\/a><\/strong><\/p>\n<p>Il est ainsi reproch\u00e9 \u00e0 cette \u00abminorit\u00e9\u00bb \u00a0le bris de scell\u00e9s sur les portes de la r\u00e9sidence de l\u2019homme d\u2019affaires d\u00e9c\u00e9d\u00e9 et ce n\u2019est pas tout, ils auraient \u00abemport\u00e9 des objets sans le mandat de la famille\u00bb. Acte que les plaignantes qualifient \u00abd\u2019infraction \u00e0 la loi\u00bb.\u00a0 \u00abPersonne \u00e0 ce jour parmi la centaine ne peut pr\u00e9tendre agir seul au nom de la famille\u2026\u2026.\u00bb, mart\u00e8lent-elles. Ces derni\u00e8res indiquent par ailleurs que \u00abpersonne sans avoir re\u00e7u l\u2019aval d\u2019au moins la moiti\u00e9 de la famille ne peut pr\u00e9tendre organiser les obs\u00e8ques \u00bb.<\/p>\n<p><strong>Tensions fratricides<\/strong><\/p>\n<p>Cette tension au sein de la famille Fotso r\u00e9veille d\u2019anciennes querelles qui se faisaient m\u00eame d\u00e9j\u00e0 ressentir du vivant de l\u2019homme d\u2019affaire. Querelles autour du contr\u00f4le de son immense fortune. Les protagonistes de la bataille intestine se sont manifest\u00e9s par des actes larv\u00e9s de conflit autour du pr\u00e9sident fondateur du groupe Fotso, dont l\u2019organisation des obs\u00e8ques fait aujourd\u2019hui des gorges chaudes. Yves Michel Fotso, longtemps pressenti pour conduire l\u2019immense empire industriel et financier du clan Fotso, est finalement tomb\u00e9 en disgr\u00e2ce d\u00e8s 2012, lorsqu\u2019\u00e0 l\u2019issue d\u2019une assembl\u00e9e g\u00e9n\u00e9rale mixte tenue le 27 mai de cette ann\u00e9e, deux entreprises du groupe ont \u00e9t\u00e9 sorties du conglom\u00e9rat.<\/p>\n<p class=\"has-background has-very-light-gray-background-color c2\">&gt;<strong>&gt;Lire aussi-<a href=\"https:\/\/ecomatin.net\/yves-michel-fotso-sous-assistance-medicale-au-maroc\/\">Yves Michel Fotso sous assistance m\u00e9dicale au Maroc<\/a><\/strong><\/p>\n<p>Il s\u2019agit de la Sfa Cameroun (sp\u00e9cialis\u00e9e dans le montage et la recherche des financements et le rachat de cr\u00e9ances publiques), et la Cfh Cameroun (filiale de Capital financial holdings fa\u00eeti\u00e8re de la Commercial Bank of Cameroon). La sortie de ces deux entreprises sonnait le glas d\u2019Yves Michel Fotso au sein de l\u2019ex\u00e9cutif du groupe. Joseph Fotso, collat\u00e9ral de la famille Fotso avait \u00e9t\u00e9 coopt\u00e9 au sein du conseil d\u2019administration, laissant croire \u00e0 un jeu de chaise pr\u00e9par\u00e9 contre la toute-puissance de son fr\u00e8re.<\/p>\n<p>Victor Fotso \u00a0a pendant de longues ann\u00e9es figur\u00e9 parmi les plus grosses fortunes du Cameroun. Ses activit\u00e9s s\u2019\u00e9tendaient dans l\u2019agroalimentaire, le b\u00e2timent, \u00a0les services, l\u2019industrie manufacturi\u00e8re et la banque (Pilcam, Unalor, Sopicam, Fermencam, Safca, Sopicam, Cbc, Fishco, Fabassem, Phytocam\u2026). La sortie des \u00e9pouses du d\u00e9funt milliardaire constitue un \u00e9pisode de plus dans le m\u00e9lodrame que vit la famille Fotso.\u00a0<\/p>\n<p class=\"has-background has-very-light-gray-background-color c2\">&gt;<strong>&gt;Lire aussi-<a href=\"https:\/\/ecomatin.net\/la-famille-kadji-defosso-vole-en-eclats\/\">La famille Kadji Defosso vole en \u00e9clats<\/a><\/strong><\/p>\n<div class=\"awac-wrapper awac widget posts-list-widget-11\">\n<h4 class=\"widget-title\">Le plus r\u00e9cent<\/h4>\n<\/div>\n<p>Auteur: EcoMatin<br \/>\n<a href=\"https:\/\/ecomatin.net\/la-famille-de-fotso-victor-a-couteaux-tires\/\">Cliquez ici pour lire l&rsquo;article depuis sa source.<\/a><\/p>\n","protected":false},"excerpt":{"rendered":"<p>D\u00e9c\u00e9d\u00e9 le 20 mars 2020, les obs\u00e8ques de l\u2019homme d\u2019affaires Victor Fotso se pr\u00e9parent activement, mais loin de toute s\u00e9r\u00e9nit\u00e9. Les derniers \u00e9v\u00e9nements en date font \u00e9tat de vives tensions au sein de la descendance directe du c\u00e9l\u00e8bre milliardaire. De profonds d\u00e9saccords transparaissent dans une correspondance adress\u00e9e par \u00ables \u00e9pouses du feu Fotso Victor\u00bb au [&hellip;]<\/p>\n","protected":false},"author":1969,"featured_media":0,"comment_status":"closed","ping_status":"closed","sticky":false,"template":"","format":"standard","meta":{"fifu_image_url":"","fifu_image_alt":"","footnotes":""},"categories":[82,78],"tags":[],"class_list":["post-87914","post","type-post","status-publish","format-standard","hentry","category-cameroun","category-economie"],"_links":{"self":[{"href":"https:\/\/linitiative.ca\/International\/wp-json\/wp\/v2\/posts\/87914","targetHints":{"allow":["GET"]}}],"collection":[{"href":"https:\/\/linitiative.ca\/International\/wp-json\/wp\/v2\/posts"}],"about":[{"href":"https:\/\/linitiative.ca\/International\/wp-json\/wp\/v2\/types\/post"}],"author":[{"embeddable":true,"href":"https:\/\/linitiative.ca\/International\/wp-json\/wp\/v2\/users\/1969"}],"replies":[{"embeddable":true,"href":"https:\/\/linitiative.ca\/International\/wp-json\/wp\/v2\/comments?post=87914"}],"version-history":[{"count":0,"href":"https:\/\/linitiative.ca\/International\/wp-json\/wp\/v2\/posts\/87914\/revisions"}],"wp:attachment":[{"href":"https:\/\/linitiative.ca\/International\/wp-json\/wp\/v2\/media?parent=87914"}],"wp:term":[{"taxonomy":"category","embeddable":true,"href":"https:\/\/linitiative.ca\/International\/wp-json\/wp\/v2\/categories?post=87914"},{"taxonomy":"post_tag","embeddable":true,"href":"https:\/\/linitiative.ca\/International\/wp-json\/wp\/v2\/tags?post=87914"}],"curies":[{"name":"wp","href":"https:\/\/api.w.org\/{rel}","templated":true}]}}