{"id":87915,"date":"2020-06-04T11:46:25","date_gmt":"2020-06-04T15:46:25","guid":{"rendered":"https:\/\/linitiative.ca\/International\/covid-19-la-bad-mobilise-plus-de-62-milliards-de-f-cfa-pour-la-cemac\/"},"modified":"2020-06-04T11:46:25","modified_gmt":"2020-06-04T15:46:25","slug":"covid-19-la-bad-mobilise-plus-de-62-milliards-de-f-cfa-pour-la-cemac","status":"publish","type":"post","link":"https:\/\/linitiative.ca\/International\/covid-19-la-bad-mobilise-plus-de-62-milliards-de-f-cfa-pour-la-cemac\/","title":{"rendered":"Covid-19 : la BAD mobilise plus de 6,2 milliards de F CFA pour la Cemac"},"content":{"rendered":"<p>Le conseil d\u2019administration de la Banque africaine de d\u00e9veloppement (BAD), a accord\u00e9 le 2 juin dernier \u00e0 Abidjan, le financement de 13,55 millions de dollars am\u00e9ricains, soit plus de 7,9 milliards de F CFA, \u00a0pour soutenir la lutte contre le Coronavirus dans les 6 Etats de la Communaut\u00e9 \u00e9conomique \u00a0et mon\u00e9taire de l\u2019Afrique centrale(Cemac) et en R\u00e9publique D\u00e9mocratique du Congo(RDC). Le projet financier sera mis en \u0153uvre sous la forme d\u2019un bien public r\u00e9gional comportant une composante d\u00e9di\u00e9e \u00e0 la coordination r\u00e9gionale pour la lutte contre le Covid-19, y compris la mise en place d\u2019un syst\u00e8me d\u2019alerte pr\u00e9coce en zone Cemac ainsi que des activit\u00e9s de communication et de sensibilisation communautaire.<\/p>\n<p class=\"has-background has-very-light-gray-background-color c2\"><strong>&gt;&gt;Lire aussi-<a href=\"https:\/\/ecomatin.net\/la-bad-accorde-269-milliards-de-fcfa-pour-la-construction-du-pont-sur-le-fleuve-logone\/\">La BAD accorde 26,9 milliards de FCFA pour la construction du pont sur le fleuve Logone<\/a><\/strong><\/p>\n<p>Le financement en question comprend un don de l\u2019enveloppe r\u00e9gionale du FAD-14 d\u2019un montant de 10,88 millions de dollars, soit 6,2 milliards de F CFA \u00a0en faveur de la Cemac. Un don du Fonds africain de d\u00e9veloppement (FAD), de 1,22 million de dollars en faveur de la RDC, ainsi que deux dons en faveur du Tchad, de 330\u00a0000 dollars du FAD et de 1,12 million de dollars du pilier III de la facilit\u00e9 d\u2019appui \u00e0 la transition (FAT).<\/p>\n<p>L\u2019appui financier pr\u00e9voit notamment la fourniture d\u2019\u00e9quipements de protection aux agents de sant\u00e9\u00a0; la mise \u00e0 disposition de kits sanitaires et de kits de test\u00a0; la fourniture d\u2019ambulances m\u00e9dicalis\u00e9es aux structures sanitaires. A ceci s\u2019ajoute la formation des agents communautaires pour la recherche et le suivi des contacts et la sensibilisation des populations sur les mesures de pr\u00e9vention\u00a0; l\u2019appui aux structures de sant\u00e9 sera fait pour la prise en charge des cas, notamment les cas s\u00e9v\u00e8res.<\/p>\n<p class=\"has-background has-very-light-gray-background-color c2\">&gt;<strong>&gt;Lire aussi-<a href=\"https:\/\/ecomatin.net\/accusations-de-favoritisme-le-president-de-la-bad-lave-de-tout-soupcon\/\">Accusations de favoritisme : le pr\u00e9sident de la BAD lav\u00e9 de tout soup\u00e7on<\/a><\/strong><\/p>\n<p>Toujours dans ce programme est pr\u00e9vu un soutien \u00e0 la r\u00e9silience des syst\u00e8mes de sant\u00e9 et des populations au Tchad, en RDC et R\u00e9publique centrafricaine, ainsi que la r\u00e9novation et l\u2019\u00e9quipement des laboratoires et centres de sant\u00e9.<\/p>\n<p>Les activit\u00e9s du projet seront mises en \u0153uvre par l\u2019Organisation de coordination pour la lutte contre les end\u00e9mies en Afrique centrale (Oceac) et l\u2019OMS en qualit\u00e9 d\u2019agence d\u2019ex\u00e9cution. Les objectifs vis\u00e9s par ce programme sont\u00a0l\u2019am\u00e9lioration de la pr\u00e9vention et le renforcement du contr\u00f4le de la pand\u00e9mie de Covid-19 en Afrique\u00a0centrale, l\u2019am\u00e9lioration des capacit\u00e9s techniques et op\u00e9rationnelles des institutions sanitaires et le renforcement de la r\u00e9silience des populations et une meilleure coordination pour la gestion du Covid-19 au niveau r\u00e9gional.<\/p>\n<p class=\"has-background has-very-light-gray-background-color c2\">&gt;<strong>&gt;Lire aussi<a href=\"https:\/\/ecomatin.net\/la-bad-debloque-13-milliard-de-dollars-pour-le-secteur-prive-africain\/\">-La Bad d\u00e9bloque 1,3 milliard de dollars pour le secteur priv\u00e9 africain<\/a><\/strong><\/p>\n<div class=\"awac-wrapper awac widget posts-list-widget-11\">\n<h4 class=\"widget-title\">Le plus r\u00e9cent<\/h4>\n<\/div>\n<p>Auteur: EcoMatin<br \/>\n<a href=\"https:\/\/ecomatin.net\/covid-19-la-bad-mobilise-plus-de-62-milliards-de-f-cfa-pour-la-cemac\/\">Cliquez ici pour lire l&rsquo;article depuis sa source.<\/a><\/p>\n","protected":false},"excerpt":{"rendered":"<p>Le conseil d\u2019administration de la Banque africaine de d\u00e9veloppement (BAD), a accord\u00e9 le 2 juin dernier \u00e0 Abidjan, le financement de 13,55 millions de dollars am\u00e9ricains, soit plus de 7,9 milliards de F CFA, \u00a0pour soutenir la lutte contre le Coronavirus dans les 6 Etats de la Communaut\u00e9 \u00e9conomique \u00a0et mon\u00e9taire de l\u2019Afrique centrale(Cemac) et [&hellip;]<\/p>\n","protected":false},"author":1969,"featured_media":0,"comment_status":"closed","ping_status":"closed","sticky":false,"template":"","format":"standard","meta":{"fifu_image_url":"","fifu_image_alt":"","footnotes":""},"categories":[82,78],"tags":[],"class_list":["post-87915","post","type-post","status-publish","format-standard","hentry","category-cameroun","category-economie"],"_links":{"self":[{"href":"https:\/\/linitiative.ca\/International\/wp-json\/wp\/v2\/posts\/87915","targetHints":{"allow":["GET"]}}],"collection":[{"href":"https:\/\/linitiative.ca\/International\/wp-json\/wp\/v2\/posts"}],"about":[{"href":"https:\/\/linitiative.ca\/International\/wp-json\/wp\/v2\/types\/post"}],"author":[{"embeddable":true,"href":"https:\/\/linitiative.ca\/International\/wp-json\/wp\/v2\/users\/1969"}],"replies":[{"embeddable":true,"href":"https:\/\/linitiative.ca\/International\/wp-json\/wp\/v2\/comments?post=87915"}],"version-history":[{"count":0,"href":"https:\/\/linitiative.ca\/International\/wp-json\/wp\/v2\/posts\/87915\/revisions"}],"wp:attachment":[{"href":"https:\/\/linitiative.ca\/International\/wp-json\/wp\/v2\/media?parent=87915"}],"wp:term":[{"taxonomy":"category","embeddable":true,"href":"https:\/\/linitiative.ca\/International\/wp-json\/wp\/v2\/categories?post=87915"},{"taxonomy":"post_tag","embeddable":true,"href":"https:\/\/linitiative.ca\/International\/wp-json\/wp\/v2\/tags?post=87915"}],"curies":[{"name":"wp","href":"https:\/\/api.w.org\/{rel}","templated":true}]}}