{"id":87920,"date":"2020-06-05T09:26:22","date_gmt":"2020-06-05T13:26:22","guid":{"rendered":"https:\/\/linitiative.ca\/International\/khemisset-dispute-dans-une-fontaine-publique-un-mort-et-deux-blesses-graves\/"},"modified":"2020-06-05T09:26:22","modified_gmt":"2020-06-05T13:26:22","slug":"khemisset-dispute-dans-une-fontaine-publique-un-mort-et-deux-blesses-graves","status":"publish","type":"post","link":"https:\/\/linitiative.ca\/International\/khemisset-dispute-dans-une-fontaine-publique-un-mort-et-deux-blesses-graves\/","title":{"rendered":"Khemisset \u2013 Dispute dans une fontaine publique : Un mort et deux bless\u00e9s graves"},"content":{"rendered":"<header>\n<\/header>\n<div class=\"entry-content clearfix\" readability=\"59\"><img decoding=\"async\" class=\"post_layout_5_img\" src=\"http:\/\/aujourdhui.ma\/wp-content\/uploads\/2020\/06\/Khemisset.jpg\" alt=\"Khemisset &#x2013; Dispute dans une fontaine publique : Un mort et deux bless&#xE9;s graves\"\/><\/p>\n<p><span class=\"c6\"><span class=\"c5\"><strong>Aucun d\u2019eux ne voulait c\u00e9der. C\u2019est alors que le fr\u00e8re et la m\u00e8re de la quinquag\u00e9naire interviennent. La tension monte d\u2019un cran. Les insultes fusent de toute part\u2026.<\/strong><\/span><span id=\"more-346806\"\/><\/span><\/p>\n<p>Au douar A\u00eft Benkassou d\u2019A\u00eft Ali relevant de la commune rurale Sidi Allal, province de Khemisset, un p\u00e8re de famille, \u00e2g\u00e9 de cinquante ans, a tu\u00e9, mardi dernier, sa voisine, son a\u00een\u00e9e de cinq ans, en lui ass\u00e9nant plusieurs coups de couteau. La m\u00e8re et le fr\u00e8re de la victime ont \u00e9galement \u00e9t\u00e9 gri\u00e8vement bless\u00e9s. Tout a commenc\u00e9 lorsque l\u2019auteur du crime et sa voisine se tenaient en m\u00eame temps devant la fontaine publique install\u00e9e au douar pour s\u2019approvisionner en eau potable.<\/p>\n<p>Chacun d\u2019eux estimait que c\u2019\u00e9tait son tour puisqu\u2019il est arriv\u00e9 le premier. Une vive discussion s\u2019ensuivit agr\u00e9ment\u00e9e de protestations. Aucun d\u2019eux ne voulait c\u00e9der. C\u2019est alors que le fr\u00e8re et la m\u00e8re de la quinquag\u00e9naire interviennent. La tension monte d\u2019un cran. Les insultes fusent de toute part. Le p\u00e8re de famille r\u00e9alisant qu\u2019il est en \u00abinf\u00e9riorit\u00e9 num\u00e9rique\u00bb s\u2019empresse de regagner son domicile. Il s\u2019arme d\u2019un couteau et retourne \u00e0 la fontaine. Sans crier gare, il ass\u00e8ne plusieurs coups \u00e0 sa voisine qui perd connaissance.<\/p>\n<p>Il attaque ensuite la m\u00e8re et le fr\u00e8re et les blesse gravement. La voisine ne tarde pas \u00e0 rendre l\u2019\u00e2me alors que sa m\u00e8re et son fr\u00e8re sont \u00e9vacu\u00e9s vers le service des urgences de l\u2019h\u00f4pital provincial de Khemisset. Quant \u00e0 l\u2019auteur du crime qui n\u2019a pas quitt\u00e9 la sc\u00e8ne du crime, il a \u00e9t\u00e9 arr\u00eat\u00e9 par les \u00e9l\u00e9ments de la gendarmerie royale. Maintenu en garde \u00e0 vue, il a \u00e9t\u00e9 soumis aux interrogatoires avant d\u2019\u00eatre traduit devant le parquet g\u00e9n\u00e9ral pr\u00e8s la Cour d\u2019appel de Rabat.<\/p>\n<\/div>\n<p>Auteur: Abderrafii ALOUMLIKI<br \/>\n<a href=\"https:\/\/aujourdhui.ma\/faits-divers\/khemisset-dispute-dans-une-fontaine-publique-un-mort-et-deux-blesses-graves\">Cliquez ici pour lire l&rsquo;article depuis sa source.<\/a><\/p>\n","protected":false},"excerpt":{"rendered":"<p>Aucun d\u2019eux ne voulait c\u00e9der. C\u2019est alors que le fr\u00e8re et la m\u00e8re de la quinquag\u00e9naire interviennent. La tension monte d\u2019un cran. Les insultes fusent de toute part\u2026. Au douar A\u00eft Benkassou d\u2019A\u00eft Ali relevant de la commune rurale Sidi Allal, province de Khemisset, un p\u00e8re de famille, \u00e2g\u00e9 de cinquante ans, a tu\u00e9, mardi [&hellip;]<\/p>\n","protected":false},"author":1759,"featured_media":87921,"comment_status":"closed","ping_status":"closed","sticky":false,"template":"","format":"standard","meta":{"fifu_image_url":"","fifu_image_alt":"","footnotes":""},"categories":[73,54],"tags":[],"class_list":["post-87920","post","type-post","status-publish","format-standard","has-post-thumbnail","hentry","category-actualite","category-maroc"],"_links":{"self":[{"href":"https:\/\/linitiative.ca\/International\/wp-json\/wp\/v2\/posts\/87920","targetHints":{"allow":["GET"]}}],"collection":[{"href":"https:\/\/linitiative.ca\/International\/wp-json\/wp\/v2\/posts"}],"about":[{"href":"https:\/\/linitiative.ca\/International\/wp-json\/wp\/v2\/types\/post"}],"author":[{"embeddable":true,"href":"https:\/\/linitiative.ca\/International\/wp-json\/wp\/v2\/users\/1759"}],"replies":[{"embeddable":true,"href":"https:\/\/linitiative.ca\/International\/wp-json\/wp\/v2\/comments?post=87920"}],"version-history":[{"count":0,"href":"https:\/\/linitiative.ca\/International\/wp-json\/wp\/v2\/posts\/87920\/revisions"}],"wp:featuredmedia":[{"embeddable":true,"href":"https:\/\/linitiative.ca\/International\/wp-json\/"}],"wp:attachment":[{"href":"https:\/\/linitiative.ca\/International\/wp-json\/wp\/v2\/media?parent=87920"}],"wp:term":[{"taxonomy":"category","embeddable":true,"href":"https:\/\/linitiative.ca\/International\/wp-json\/wp\/v2\/categories?post=87920"},{"taxonomy":"post_tag","embeddable":true,"href":"https:\/\/linitiative.ca\/International\/wp-json\/wp\/v2\/tags?post=87920"}],"curies":[{"name":"wp","href":"https:\/\/api.w.org\/{rel}","templated":true}]}}