{"id":87922,"date":"2020-06-05T09:31:49","date_gmt":"2020-06-05T13:31:49","guid":{"rendered":"https:\/\/linitiative.ca\/International\/meditalents-lance-un-appel-a-projets\/"},"modified":"2020-06-05T09:31:49","modified_gmt":"2020-06-05T13:31:49","slug":"meditalents-lance-un-appel-a-projets","status":"publish","type":"post","link":"https:\/\/linitiative.ca\/International\/meditalents-lance-un-appel-a-projets\/","title":{"rendered":"Meditalents lance un appel \u00e0 projets"},"content":{"rendered":"<p><img decoding=\"async\" class=\"post_layout_5_img\" src=\"http:\/\/aujourdhui.ma\/wp-content\/uploads\/2020\/06\/Meditalents-copie.jpg\" alt=\"Meditalents lance un appel &#xE0; projets\"\/><\/p>\n<p><span class=\"c6\"><strong><span class=\"c5\">Il s\u2019adresse \u00e0 tous les documentaires de cr\u00e9ation qui auront une approche d\u2019auteur\u00a0<\/span><\/strong><\/span><span id=\"more-346769\"\/><\/p>\n<p>Avis aux r\u00e9alisateurs et auteurs r\u00e9sidents et de nationalit\u00e9 de l\u2019un des pays du pourtour de la M\u00e9diterran\u00e9e. Le lab d\u2019\u00e9criture m\u00e9diterran\u00e9en \u00abMeditalents\u00bb lance un appel \u00e0 projets pour la r\u00e9sidence d\u2019\u00e9criture documentaire Lab Doc. Ce concours ouvert jusqu\u2019au 20 juin s\u2019adresse \u00e0 tous les documentaires de cr\u00e9ation qui auront une approche d\u2019auteur, proposant un regard singulier, un point de vue fort, une d\u00e9marche artistique affirm\u00e9e. Selon les initiateurs, sont aussi concern\u00e9s les porteurs d\u2019un projet de premier ou deuxi\u00e8me film documentaire ou d\u2019un premier film d\u2019un nouveau genre d\u2019\u00e9criture pour l\u2019auteur. Selon la m\u00eame source, ce programme qui accompagnera, \u00e0 partir du mois d\u2019octobre, 8 projets s\u00e9lectionn\u00e9s par un comit\u00e9 compos\u00e9 de professionnels m\u00e9diterran\u00e9ens.<\/p>\n<p>Les porteurs de projets choisis b\u00e9n\u00e9ficieront de 3 sessions d\u2019\u00e9criture en r\u00e9sidence \u00e0 Marseille et 2 entretiens par Skype. La premi\u00e8re session d\u2019\u00e9criture durera 4 jours et sera suivie de deux sessions de 5 jours, \u00e0 r\u00e9partir sur une dur\u00e9e d\u2019environ 6 mois sur le dernier semestre 2020 et le d\u00e9but du premier semestre 2021. Entre chaque session, les laur\u00e9ats devront avancer sur l\u2019\u00e9criture de leur projet de documentaire avant la session suivante. Au cours des sessions \u00abSkype\u00bb, les participants b\u00e9n\u00e9ficieront d\u2019un entretien avec un auteur r\u00e9f\u00e9rent.<\/p>\n<p>Le Lab Doc a pour ambition de favoriser le rapprochement des pays m\u00e9diterran\u00e9ens au travers du travail de leurs cin\u00e9astes. Pour noter, le Lab Documentaire de Meditalents est un atelier qui s\u2019inscrit dans le prolongement du Lab Med, Lab Meditalents pour l\u2019\u00e9criture de longs-m\u00e9trages de fiction, avec cette m\u00eame ambition de favoriser le rapprochement des pays m\u00e9diterran\u00e9ens au travers du travail de leurs cin\u00e9astes. L\u2019objectif \u00e9tant d\u2019\u00aboffrir une lumi\u00e8re commune aux pays m\u00e9diterran\u00e9ens, une r\u00e9flexion sur ce qui nous relie.<\/p>\n<p>Afin de continuer \u00e0 d\u00e9velopper ces liens entre les cr\u00e9ateurs du pourtour m\u00e9diterran\u00e9en, cet atelier offrira un espace r\u00e9pondant aux besoins de r\u00e9cit des auteurs qui souhaitent s\u2019exprimer avec le r\u00e9el, en proposant un point de vue affirm\u00e9 aussi bien sur le fond que dans la forme\u00bb, indique l\u2019association Meditalents, en notant que chaque ann\u00e9e, plusieurs r\u00e9sidences d\u2019\u00e9criture de longs m\u00e9trages et de courts m\u00e9trages de fiction permettent \u00e0 ces auteurs de d\u00e9velopper leur projet d\u2019\u00e9criture jusqu\u2019\u00e0 un sc\u00e9nario construit et abouti. \u00abCes laboratoires de cr\u00e9ation rassemblent mentors et auteurs, et garantissent la transmission des exp\u00e9riences et des savoirs-faire, dans le respect de chacun\u00bb.<\/p>\n<p>Auteur: ALM<br \/>\n<a href=\"https:\/\/aujourdhui.ma\/culture\/meditalents-lance-un-appel-a-projets\">Cliquez ici pour lire l&rsquo;article depuis sa source.<\/a><\/p>\n","protected":false},"excerpt":{"rendered":"<p>Il s\u2019adresse \u00e0 tous les documentaires de cr\u00e9ation qui auront une approche d\u2019auteur\u00a0 Avis aux r\u00e9alisateurs et auteurs r\u00e9sidents et de nationalit\u00e9 de l\u2019un des pays du pourtour de la M\u00e9diterran\u00e9e. Le lab d\u2019\u00e9criture m\u00e9diterran\u00e9en \u00abMeditalents\u00bb lance un appel \u00e0 projets pour la r\u00e9sidence d\u2019\u00e9criture documentaire Lab Doc. Ce concours ouvert jusqu\u2019au 20 juin s\u2019adresse [&hellip;]<\/p>\n","protected":false},"author":1759,"featured_media":87923,"comment_status":"closed","ping_status":"closed","sticky":false,"template":"","format":"standard","meta":{"fifu_image_url":"","fifu_image_alt":"","footnotes":""},"categories":[73,54],"tags":[],"class_list":["post-87922","post","type-post","status-publish","format-standard","has-post-thumbnail","hentry","category-actualite","category-maroc"],"_links":{"self":[{"href":"https:\/\/linitiative.ca\/International\/wp-json\/wp\/v2\/posts\/87922","targetHints":{"allow":["GET"]}}],"collection":[{"href":"https:\/\/linitiative.ca\/International\/wp-json\/wp\/v2\/posts"}],"about":[{"href":"https:\/\/linitiative.ca\/International\/wp-json\/wp\/v2\/types\/post"}],"author":[{"embeddable":true,"href":"https:\/\/linitiative.ca\/International\/wp-json\/wp\/v2\/users\/1759"}],"replies":[{"embeddable":true,"href":"https:\/\/linitiative.ca\/International\/wp-json\/wp\/v2\/comments?post=87922"}],"version-history":[{"count":0,"href":"https:\/\/linitiative.ca\/International\/wp-json\/wp\/v2\/posts\/87922\/revisions"}],"wp:featuredmedia":[{"embeddable":true,"href":"https:\/\/linitiative.ca\/International\/wp-json\/"}],"wp:attachment":[{"href":"https:\/\/linitiative.ca\/International\/wp-json\/wp\/v2\/media?parent=87922"}],"wp:term":[{"taxonomy":"category","embeddable":true,"href":"https:\/\/linitiative.ca\/International\/wp-json\/wp\/v2\/categories?post=87922"},{"taxonomy":"post_tag","embeddable":true,"href":"https:\/\/linitiative.ca\/International\/wp-json\/wp\/v2\/tags?post=87922"}],"curies":[{"name":"wp","href":"https:\/\/api.w.org\/{rel}","templated":true}]}}