{"id":87924,"date":"2020-06-05T09:34:31","date_gmt":"2020-06-05T13:34:31","guid":{"rendered":"https:\/\/linitiative.ca\/International\/couverture-medicale-et-regime-de-retraite-des-independants-mohamed-amekraz-fait-le-point\/"},"modified":"2020-06-05T09:34:31","modified_gmt":"2020-06-05T13:34:31","slug":"couverture-medicale-et-regime-de-retraite-des-independants-mohamed-amekraz-fait-le-point","status":"publish","type":"post","link":"https:\/\/linitiative.ca\/International\/couverture-medicale-et-regime-de-retraite-des-independants-mohamed-amekraz-fait-le-point\/","title":{"rendered":"Couverture m\u00e9dicale et r\u00e9gime de retraite des ind\u00e9pendants : Mohamed Amekraz fait le point"},"content":{"rendered":"<p><img decoding=\"async\" class=\"post_layout_5_img\" src=\"http:\/\/aujourdhui.ma\/wp-content\/uploads\/2020\/06\/Mohamed-Amekraz.jpg\" alt=\"Couverture m&#xE9;dicale et r&#xE9;gime de retraite des ind&#xE9;pendants : Mohamed Amekraz fait le point\"\/><\/p>\n<p><span class=\"c6\"><strong><span class=\"c5\">La mise en \u0153uvre d\u2019une couverture m\u00e9dicale et un r\u00e9gime de retraite au profit des travailleurs ind\u00e9pendants est en cours.<\/span><\/strong><\/span><\/p>\n<p>C\u2019est ce qu\u2019a annonc\u00e9 mardi \u00e0 Rabat le ministre du travail et de l\u2019insertion professionnelle, Mohamed Amekraz. Lors de son expos\u00e9 devant la Commission de contr\u00f4le des finances publiques \u00e0 la Chambre des repr\u00e9sentants, le ministre a affirm\u00e9 que ce projet vise plus de 5 millions de travailleurs ind\u00e9pendants, en plus de leurs ayants droit, ce qui permettra de faire b\u00e9n\u00e9ficier un total de pr\u00e8s de 11 millions de Marocains. Plus de 90% des Marocains b\u00e9n\u00e9ficieront de la couverture sociale apr\u00e8s la mise en \u0153uvre des lois 98.15 et 99.15 relatives \u00e0 la couverture sociale et au r\u00e9gime de retraite pour les cat\u00e9gories des professionnels lib\u00e9raux, des travailleurs ind\u00e9pendants et des personnes non salari\u00e9es exer\u00e7ant une activit\u00e9 lib\u00e9rale, a pr\u00e9cis\u00e9 M. Amekraz.<\/p>\n<p>Actuellement, 64% des Marocains b\u00e9n\u00e9ficient de la couverture m\u00e9dicale de base. Le ministre a aussi signal\u00e9 qu\u2019\u00e0 ce jour, toutes les d\u00e9cisions op\u00e9rationnelles relatives \u00e0 ces deux lois sont entr\u00e9es en vigueur, citant la promulgation de deux d\u00e9crets, le premier concernant les adouls et le second pour les sages-femmes et les kin\u00e9sith\u00e9rapeutes. Le ministre a fait savoir que les consultations avec les huissiers de justice ont pris fin. Elles se poursuivent avec les autres cat\u00e9gories socioprofessionnelles, \u00e0 savoir les commer\u00e7ants, les professionnels du transport (taxis), les agriculteurs, les artisans et les guides touristiques, afin de promulguer les d\u00e9crets y aff\u00e9rents.<\/p>\n<p><strong>1.105 travailleurs domestiques d\u00e9clar\u00e9s\u00a0 \u00e0 la CNSS<\/strong><\/p>\n<p>Concernant le personnel domestique, le ministre a relev\u00e9 que le nombre de travailleurs domestiques d\u00e9clar\u00e9s \u00e0 la CNSS s\u2019\u00e9l\u00e8ve actuellement \u00e0 1.105. Ce dernier a rappel\u00e9 la promulgation, le 3 juin 2019, du d\u00e9cret n\u00b0 2.18.686 qui d\u00e9finit les conditions d\u2019application du r\u00e9gime de s\u00e9curit\u00e9 sociale relatif \u00e0 cette cat\u00e9gorie et \u00e9nonce les proc\u00e9dures \u00e0 suivre par l\u2019employeur pour faire b\u00e9n\u00e9ficier le personnel domestique des services de s\u00e9curit\u00e9 sociale et de l\u2019assurance maladie obligatoire de base. Au sujet des travailleurs marocains \u00e0 l\u2019\u00e9tranger, M. Amekraz a not\u00e9 que 75% d\u2019entre eux disposent d\u2019une couverture \u00e0 travers 15 accords avec un ensemble de syst\u00e8mes sociaux de plusieurs pays.<\/p>\n<p>Au sujet du syst\u00e8me d\u2019indemnisation pour perte d\u2019emploi, le ministre a indiqu\u00e9 qu\u2019une \u00e9valuation du syst\u00e8me avait \u00e9t\u00e9 r\u00e9alis\u00e9e en 2018 par le conseil d\u2019administration de la CNSS. Cette \u00e9valuation, qui vise \u00e0 apporter une am\u00e9lioration du syst\u00e8me, \u00e0 travers une simplification des proc\u00e9dures et des conditions requises pour en b\u00e9n\u00e9ficier, a abouti \u00e0 trois sc\u00e9narios. Suite \u00e0 son examen par le chef du gouvernement, il a \u00e9t\u00e9 d\u00e9cid\u00e9 de la mise en \u0153uvre du premier sc\u00e9nario, qui pr\u00e9voit une indemnit\u00e9 pour perte d\u2019emploi conditionn\u00e9e par 780 jours de travail effectif d\u00e9clar\u00e9s durant les 36 derniers mois pr\u00e9c\u00e9dant la date de perte d\u2019emploi, avec un soutien annuel de l\u2019\u00c9tat \u00e0 hauteur de 54 MDH.<\/p>\n<div class=\"base-box mom_box_sc_custom mom_box_sc clear c8\" readability=\"31\">\n<p><span class=\"c7\"><strong>Salari\u00e9s en arr\u00eat temporaire de travail : La CNSS\u00a0 a vers\u00e9 2,87 milliards DH en mars et avril<\/strong><\/span><\/p>\n<p><a href=\"https:\/\/aujourdhui.ma\/wp-content\/uploads\/2020\/06\/cnss_05132020-1.jpg\"><img loading=\"lazy\" decoding=\"async\" class=\"size-medium wp-image-346767 alignleft\" src=\"http:\/\/aujourdhui.ma\/wp-content\/uploads\/2020\/06\/cnss_05132020-1-300x153.jpg\" alt=\"\" width=\"300\" height=\"153\" srcset=\"http:\/\/aujourdhui.ma\/wp-content\/uploads\/2020\/06\/cnss_05132020-1-300x153.jpg 300w, \/\/aujourdhui.ma\/wp-content\/uploads\/2020\/06\/cnss_05132020-1-274x140.jpg 274w, \/\/aujourdhui.ma\/wp-content\/uploads\/2020\/06\/cnss_05132020-1.jpg 746w, \/\/aujourdhui.ma\/wp-content\/uploads\/2020\/06\/cnss_05132020-1-165x84.jpg 165w, \/\/aujourdhui.ma\/wp-content\/uploads\/2020\/06\/cnss_05132020-1-702x358.jpg 702w\" sizes=\"auto, (max-width: 300px) 100vw, 300px\"\/><\/a><\/p>\n<p>Le directeur g\u00e9n\u00e9ral par int\u00e9rim de la CNSS a pr\u00e9sent\u00e9 mardi dernier devant les membres de la commission de contr\u00f4le des finances publiques de la premi\u00e8re Chambre du Parlement le bilan de l\u2019op\u00e9ration d\u2019indemnisation des salari\u00e9s des entreprises impact\u00e9es par le coronavirus ainsi que les principaux chiffres sur le r\u00e9gime g\u00e9n\u00e9ral et l\u2019AMO au titre de l\u2019ann\u00e9e 2019. En mars, 716.061 salari\u00e9s d\u00e9clar\u00e9s en arr\u00eat d\u2019activit\u00e9 ont b\u00e9n\u00e9fici\u00e9 de l\u2019indemnit\u00e9 forfaitaire de 1.000 DH, ce qui repr\u00e9sente un total de 716 MDH. Pour ce qui est des allocations sociales, la Caisse a vers\u00e9 101 MDH au mois de mars (prise en charge de 50% par la CNSS) et les frais de l\u2019assurance maladie obligatoire se sont chiffr\u00e9s \u00e0 25 millions DH. Au mois d\u2019avril, 892.711 salari\u00e9s ont \u00e9t\u00e9 d\u00e9clar\u00e9s et ont b\u00e9n\u00e9fici\u00e9 de 1,73 milliard de DH d\u2019indemnit\u00e9s forfaitaires.<\/p>\n<p>A ceci s\u2019ajoutent 239 MDH d\u2019allocations familiales et 65 MDH de frais de l\u2019AMO. Ainsi, le montant total vers\u00e9 par la CNSS durant les mois de mars et d\u2019avril s\u2019\u00e9l\u00e8ve \u00e0 2,87 milliards de dirhams, financ\u00e9 \u00e0 100% par le Fonds sp\u00e9cial Covid-19. S\u2019agissant du r\u00e9gime g\u00e9n\u00e9ral, les statistiques r\u00e9v\u00e8lent que 3,54 millions de salari\u00e9s ont \u00e9t\u00e9 d\u00e9clar\u00e9s en 2019. La masse salariale s\u2019est \u00e9tablie \u00e0 159 milliards DH. Les prestations servies se chiffrent \u00e0 20,1 milliards DH. Quant aux remboursements, ils se sont \u00e9lev\u00e9s \u00e0 24,5 milliards DH.<\/p>\n<\/div>\n<p>Auteur: ALM<br \/>\n<a href=\"https:\/\/aujourdhui.ma\/societe\/couverture-medicale-et-regime-de-retraite-des-independants-mohamed-amekraz-fait-le-point\">Cliquez ici pour lire l&rsquo;article depuis sa source.<\/a><\/p>\n","protected":false},"excerpt":{"rendered":"<p>La mise en \u0153uvre d\u2019une couverture m\u00e9dicale et un r\u00e9gime de retraite au profit des travailleurs ind\u00e9pendants est en cours. C\u2019est ce qu\u2019a annonc\u00e9 mardi \u00e0 Rabat le ministre du travail et de l\u2019insertion professionnelle, Mohamed Amekraz. Lors de son expos\u00e9 devant la Commission de contr\u00f4le des finances publiques \u00e0 la Chambre des repr\u00e9sentants, le [&hellip;]<\/p>\n","protected":false},"author":1759,"featured_media":87925,"comment_status":"closed","ping_status":"closed","sticky":false,"template":"","format":"standard","meta":{"fifu_image_url":"","fifu_image_alt":"","footnotes":""},"categories":[73,54],"tags":[],"class_list":["post-87924","post","type-post","status-publish","format-standard","has-post-thumbnail","hentry","category-actualite","category-maroc"],"_links":{"self":[{"href":"https:\/\/linitiative.ca\/International\/wp-json\/wp\/v2\/posts\/87924","targetHints":{"allow":["GET"]}}],"collection":[{"href":"https:\/\/linitiative.ca\/International\/wp-json\/wp\/v2\/posts"}],"about":[{"href":"https:\/\/linitiative.ca\/International\/wp-json\/wp\/v2\/types\/post"}],"author":[{"embeddable":true,"href":"https:\/\/linitiative.ca\/International\/wp-json\/wp\/v2\/users\/1759"}],"replies":[{"embeddable":true,"href":"https:\/\/linitiative.ca\/International\/wp-json\/wp\/v2\/comments?post=87924"}],"version-history":[{"count":0,"href":"https:\/\/linitiative.ca\/International\/wp-json\/wp\/v2\/posts\/87924\/revisions"}],"wp:featuredmedia":[{"embeddable":true,"href":"https:\/\/linitiative.ca\/International\/wp-json\/"}],"wp:attachment":[{"href":"https:\/\/linitiative.ca\/International\/wp-json\/wp\/v2\/media?parent=87924"}],"wp:term":[{"taxonomy":"category","embeddable":true,"href":"https:\/\/linitiative.ca\/International\/wp-json\/wp\/v2\/categories?post=87924"},{"taxonomy":"post_tag","embeddable":true,"href":"https:\/\/linitiative.ca\/International\/wp-json\/wp\/v2\/tags?post=87924"}],"curies":[{"name":"wp","href":"https:\/\/api.w.org\/{rel}","templated":true}]}}