{"id":87927,"date":"2020-06-05T10:41:56","date_gmt":"2020-06-05T14:41:56","guid":{"rendered":"https:\/\/linitiative.ca\/International\/%ef%bb%bfde-la-necessite-de-la-reforme-et-restructuration-du-secteur-des-icc\/"},"modified":"2020-06-05T10:41:56","modified_gmt":"2020-06-05T14:41:56","slug":"%ef%bb%bfde-la-necessite-de-la-reforme-et-restructuration-du-secteur-des-icc","status":"publish","type":"post","link":"https:\/\/linitiative.ca\/International\/%ef%bb%bfde-la-necessite-de-la-reforme-et-restructuration-du-secteur-des-icc\/","title":{"rendered":"\ufeff\u00abDe la n\u00e9cessit\u00e9 de la r\u00e9forme et restructuration du secteur des ICC\u00bb"},"content":{"rendered":"<p class=\"has-text-color has-vivid-red-color c2\"><strong>Entretien avec Abdelkader Retnani, Vice-Pr\u00e9sident de la FICC<\/strong><\/p>\n<p class=\"c3\"><strong>Propos recueillis par Mohamed Nait Youssef<\/strong><\/p>\n<p class=\"has-text-color c4\"><strong>Les professionnels du secteur des industries culturelles, cr\u00e9atives (ICC) courent contre la montre pour sauver leur secteur touch\u00e9 par la crise sanitaire. Dans cette optique, la F\u00e9d\u00e9ration des industries culturelles et cr\u00e9atives (FICC) de la CGEM propose des mesures d\u2019urgence pour sauver les 100.000 emplois menac\u00e9s par la crise due au Covid-19. Par ailleurs, la FICC a estim\u00e9 l\u2019impact \u00e9conomique de cette crise sur le secteur \u00e0 2 milliards de dirhams. \u00abTous les secteurs sont touch\u00e9s. C\u2019est une v\u00e9ritable catastrophe nationale comme c\u2019est le cas pour d\u2019autres domaines d\u2019activit\u00e9\u00a0\u00bb, nous confie Abdelkader Retnani, Vice-Pr\u00e9sident de la FICC, dans cette interview\u00a0 accord\u00e9e \u00e0 Al Bayane.\u00a0 Ainsi, la FICC n\u2019a pas laiss\u00e9 cette crise passer inaper\u00e7ue en appelant \u00e0 acc\u00e9l\u00e9rer la r\u00e9forme du secteur des industries culturelles, cr\u00e9atives (ICC).<\/strong><\/p>\n<p class=\"has-text-color has-vivid-red-color\"><strong>Al Bayane : La FICC de la CGEM\u00a0 a estim\u00e9 l\u2019impact \u00e9conomique de la crise du COVID-19 sur le secteur \u00e0 2 milliards de dirhams. Sur la base de quels crit\u00e8res avez-vous\u00a0 d\u00e9duit\u00a0 un tel chiffre?<\/strong><\/p>\n<p><strong>Abdelkader Retnani\u00a0<\/strong>: Depuis le mois de mars et l\u2019instauration de l\u2019\u00e9tat d\u2019urgence, la FICC a contact\u00e9 l\u2019ensemble des fili\u00e8res du secteur afin de leur demander d\u2019estimer l\u2019impact de la crise sur leurs activit\u00e9s. Nous avons compil\u00e9 ces donn\u00e9es et avons obtenu ce chiffre de 2 milliards de dirhams.<\/p>\n<p class=\"has-text-color has-vivid-red-color\"><strong>Quels sont les secteurs artistiques et culturels les plus touch\u00e9s par la pand\u00e9mie?<\/strong><\/p>\n<p>Tous les secteurs sont touch\u00e9s. C\u2019est une v\u00e9ritable catastrophe nationale comme c\u2019est le cas pour d\u2019autres domaines d\u2019activit\u00e9. Sauf que ces derniers (comme le tourisme, l\u2019automobile, l\u2019aviation) sont davantage pris en consid\u00e9ration par le gouvernement, et autres secteurs. Cependant, les autres seront beaucoup plus pris en consid\u00e9ration. C\u2019est une habitude et je ne fais qu\u2019\u00e9noncer un constat bien connu\u00a0: malheureusement, la culture n\u2019a jamais \u00e9t\u00e9 une priorit\u00e9 dans notre pays.<\/p>\n<p class=\"has-text-color has-vivid-red-color\"><strong>Comment \u00e9valuez-vous la gestion de la chose culturelle et artistique par le Minist\u00e8re de tutelle pendant la crise sanitaire?<\/strong><\/p>\n<p>Depuis l\u2019av\u00e8nement du nouveau ministre, les choses se d\u00e9roulent mieux. Pour notre part, nous avons tenu trois r\u00e9unions avec Monsieur le Ministre Othman El Ferdaous et ses collaborateurs\u00a0; et ce, en veillant aux respects des r\u00e8gles de distanciation physique et en portant des masques. Ces rencontres nous ont permis de lui communiquer un ensemble d\u2019informations li\u00e9es au secteur et d\u2019\u00e9changer quant \u00e0 la prochaine relance n\u00e9cessaire. Nous sommes conscients que tout d\u00e9pend de la situation sanitaire et de l\u2019\u00e9volution de l\u2019\u00e9pid\u00e9mie mais nous avons confiance dans cette nomination.<\/p>\n<p class=\"has-text-color has-vivid-red-color\"><strong>Il va sans dire que cette crise in\u00e9dite a mis \u00e0 nu l\u2019ensemble du secteur des industries culturelles, cr\u00e9atives ICC dont le grand nombre des m\u00e9tiers et des activit\u00e9s souffrent de l\u2019informel. D\u2019apr\u00e8s vous, est-il temps pour structurer le secteur?<\/strong><\/p>\n<p>C\u2019est effectivement l\u2019occasion propice pour revoir tout le secteur. Cela nous permettra de nous organiser afin de professionnaliser plusieurs activit\u00e9s. De plus, cette pause a \u00e9t\u00e9 tr\u00e8s instructive car elle nous a permis de mettre en lumi\u00e8re les fragilit\u00e9s dont nous avions peut-\u00eatre conscience mais qui deviennent prioritaires en ce moment.<\/p>\n<p class=\"has-text-color has-vivid-red-color\"><strong>Comme vous le savez, le secteur artistique et culturel, qui vit depuis des ann\u00e9es entre vents et mar\u00e9es,\u00a0 a \u00e9t\u00e9 souvent proie d\u2019un manque d\u2019une vision claire,\u00a0efficace et efficiente. Pensez-vous que le secteur des industries culturelles, cr\u00e9atives a besoin plus que jamais \u00a0d\u2019une volont\u00e9 politique et d\u2019une strat\u00e9gie nationale?<\/strong><\/p>\n<p>Mettre en place cette strat\u00e9gie nationale, tant attendue, peut se faire. Cela implique la f\u00e9d\u00e9ration de l\u2019ensemble des fili\u00e8res et des parties prenantes du secteur culturel. Avec de la volont\u00e9 politique et un ministre \u00e0 la vision moderne, nous pouvons mettre en \u0153uvre de nouvelles id\u00e9es et rebondir pour faire avancer le secteur dans le bon sens.<\/p>\n<p class=\"has-text-color has-vivid-red-color\"><strong>Vous dites dans votre communiqu\u00e9 de presse que \u00ab100 000 emplois ont \u00e9t\u00e9 directement impact\u00e9s par la pand\u00e9mie et environ 1100 entreprises ont accus\u00e9 70% de baisse de leur chiffre d\u2019affaires en moyenne\u00bb. Quelles sont vos propositions pour booster les industries culturelles et cr\u00e9atives?<\/strong><\/p>\n<p>Les propositions sont clairement mentionn\u00e9es dans la lettre envoy\u00e9e au gouvernement et au ministre de la Culture. \u00a0<\/p>\n<p class=\"has-text-color has-vivid-red-color\"><em>\u00a0<\/em><strong>Le secteur des ICC est un secteur transversal. Au Maroc, peut-on parler d\u2019une vraie industrie culturelle?<\/strong><\/p>\n<p>Oui, il y a une vraie industrie culturelle. Elle pourrait \u00eatre renforc\u00e9e et mieux structur\u00e9e gr\u00e2ce \u00e0 ses hommes et \u00e0 ses femmes qui sont anim\u00e9s par la passion et l\u2019amour de la culture. Heureusement, nous en comptons beaucoup dans notre pays.<\/p>\n<p class=\"has-text-color has-vivid-red-color\"><strong>A votre avis, quel avenir pour le secteur culturel et artistique apr\u00e8s la crise?<\/strong><\/p>\n<p>Avant tout, et comme d\u00e9j\u00e0 \u00e9voqu\u00e9, il s\u2019agit de restructurer le secteur. Puis, il est temps de cr\u00e9er un v\u00e9ritable socle bas\u00e9 sur du concret; notamment en capitalisant sur les recommandations des premi\u00e8res \u00abAssises des Industries Culturelles et Cr\u00e9atives\u00bb qui se sont d\u00e9roul\u00e9es en octobre 2019 \u00e0 Rabat sous le Haut Patronage de Sa Majest\u00e9 le Roi Mohammed VI qui a, \u00e0 plusieurs reprises, manifest\u00e9 son int\u00e9r\u00eat pour ce secteur si vital pour nous.<\/p>\n<p class=\"has-text-color has-vivid-red-color c2\"><strong>****<\/strong><\/p>\n<p class=\"has-background has-cyan-bluish-gray-background-color\">La F\u00e9d\u00e9ration des industries culturelles et cr\u00e9atives (FICC) de la CGEM propose 34 mesures qu\u2019elle a estim\u00e9 d\u2019urgence, transversales ou par fili\u00e8re, afin de pr\u00e9server les emplois et assurer la relance du secteur des ICC, entre autres l\u2019exon\u00e9ration des entreprises pendant 6 mois des charges li\u00e9es \u00e0 l\u2019IR, la CNSS et l\u2019AMO de juin \u00e0 d\u00e9cembre 2020, pour pr\u00e9server les revenus des salari\u00e9s du secteur , la\u00a0 cr\u00e9ation\u00a0 d\u2019un fonds sp\u00e9cial d\u2019urgence et de rebond pour soutenir les professionnels du secteur et la cr\u00e9ation toutes fili\u00e8res confondues, l\u2019 incitation\u00a0 des r\u00e9gions et collectivit\u00e9s territoriales \u00e0 engager rapidement les budgets d\u00e9di\u00e9s aux activit\u00e9s culturelles et cr\u00e9atives de l\u2019ann\u00e9e 2020, l\u2019 accompagnement\u00a0 des porteurs de projets pour la reprogrammation des \u00e9v\u00e9nements report\u00e9s ou annul\u00e9s \u00e0 cause de la crise du COVID-19 et mise en place d\u2019un calendrier \u00e9v\u00e9nementiel adapt\u00e9 aux conditions de d\u00e9confinement. A cela s\u2019ajoute,\u00a0 l\u2019acc\u00e9l\u00e9ration de la modernisation du secteur par : l\u2019adoption des textes l\u00e9gislatifs qui doivent voir le jour (contrat artiste, loi BMDA, extension de l\u2019AMO aux professionnels\u2026), l\u2019am\u00e9lioration des proc\u00e8s d\u2019attribution des cartes d\u2019artistes, le d\u00e9veloppement des plateformes digitalis\u00e9es pour la diffusion des cr\u00e9ations et productions culturelles ainsi que l\u2019engagement d\u2019un programme de formation professionnelle.<\/p>\n<p>Auteur: M&rsquo;hammed rahal<br \/>\n<a href=\"http:\/\/albayane.press.ma\/%EF%BB%BFde-la-necessite-de-la-reforme-et-restructuration-du-secteur-des-icc.html\">Cliquez ici pour lire l&rsquo;article depuis sa source.<\/a><\/p>\n","protected":false},"excerpt":{"rendered":"<p>Entretien avec Abdelkader Retnani, Vice-Pr\u00e9sident de la FICC Propos recueillis par Mohamed Nait Youssef Les professionnels du secteur des industries culturelles, cr\u00e9atives (ICC) courent contre la montre pour sauver leur secteur touch\u00e9 par la crise sanitaire. Dans cette optique, la F\u00e9d\u00e9ration des industries culturelles et cr\u00e9atives (FICC) de la CGEM propose des mesures d\u2019urgence pour [&hellip;]<\/p>\n","protected":false},"author":1760,"featured_media":0,"comment_status":"closed","ping_status":"closed","sticky":false,"template":"","format":"standard","meta":{"fifu_image_url":"","fifu_image_alt":"","footnotes":""},"categories":[73,54],"tags":[],"class_list":["post-87927","post","type-post","status-publish","format-standard","hentry","category-actualite","category-maroc"],"_links":{"self":[{"href":"https:\/\/linitiative.ca\/International\/wp-json\/wp\/v2\/posts\/87927","targetHints":{"allow":["GET"]}}],"collection":[{"href":"https:\/\/linitiative.ca\/International\/wp-json\/wp\/v2\/posts"}],"about":[{"href":"https:\/\/linitiative.ca\/International\/wp-json\/wp\/v2\/types\/post"}],"author":[{"embeddable":true,"href":"https:\/\/linitiative.ca\/International\/wp-json\/wp\/v2\/users\/1760"}],"replies":[{"embeddable":true,"href":"https:\/\/linitiative.ca\/International\/wp-json\/wp\/v2\/comments?post=87927"}],"version-history":[{"count":0,"href":"https:\/\/linitiative.ca\/International\/wp-json\/wp\/v2\/posts\/87927\/revisions"}],"wp:attachment":[{"href":"https:\/\/linitiative.ca\/International\/wp-json\/wp\/v2\/media?parent=87927"}],"wp:term":[{"taxonomy":"category","embeddable":true,"href":"https:\/\/linitiative.ca\/International\/wp-json\/wp\/v2\/categories?post=87927"},{"taxonomy":"post_tag","embeddable":true,"href":"https:\/\/linitiative.ca\/International\/wp-json\/wp\/v2\/tags?post=87927"}],"curies":[{"name":"wp","href":"https:\/\/api.w.org\/{rel}","templated":true}]}}