{"id":87929,"date":"2020-06-05T11:23:38","date_gmt":"2020-06-05T15:23:38","guid":{"rendered":"https:\/\/linitiative.ca\/International\/%ef%bb%bfle-cout-du-confinement-en-afrique-seleve-mensuellement-a-09-milliards-de-dollars\/"},"modified":"2020-06-05T11:23:38","modified_gmt":"2020-06-05T15:23:38","slug":"%ef%bb%bfle-cout-du-confinement-en-afrique-seleve-mensuellement-a-09-milliards-de-dollars","status":"publish","type":"post","link":"https:\/\/linitiative.ca\/International\/%ef%bb%bfle-cout-du-confinement-en-afrique-seleve-mensuellement-a-09-milliards-de-dollars\/","title":{"rendered":"\ufeffLe co\u00fbt du confinement en Afrique s\u2019\u00e9l\u00e8ve mensuellement \u00e0 09 milliards de dollars"},"content":{"rendered":"<p class=\"has-text-color has-vivid-red-color c2\"><strong>Mme Vera Songwe Secr\u00e9taire Ex\u00e9cutive de la Commission Economique pour l\u2019Afrique \u00e0 l\u2019ONU<\/strong><\/p>\n<p class=\"has-text-color c3\"><strong>Le co\u00fbt du confinement en Afrique s\u2019\u00e9l\u00e8ve mensuellement \u00e0 09 milliards de dollars, a affirm\u00e9 la Secr\u00e9taire Ex\u00e9cutive de la Commission Economique pour l\u2019Afrique (CEA) des Nations Unies, Mme Vera Songwe.<\/strong><\/p>\n<p>\u00abL\u2019Afrique devra passer d\u2019un taux de croissance de 3,2% \u00e0 pr\u00e8s de 1,1%, ce qui aura pour cons\u00e9quence majeure une augmentation de pr\u00e8s de 40% du nombre des personnes souffrant de la pauvret\u00e9 au niveau du Continent\u00bb, a soulign\u00e9 Mme Songwe qui a particip\u00e9 \u00e0 une visioconf\u00e9rence organis\u00e9e r\u00e9cemment par l\u2019Ecole Nationale de Commerce et de Gestion (ENCG) de Marrakech, et le Centre Africain des Solutions Innovantes Durables (ACISS) relevant de l\u2019Universit\u00e9 Cadi Ayyad (UCA). Plac\u00e9e sous le th\u00e8me \u00abRepenser l\u2019\u00e9conomie et son enseignement en Afrique Post Covid-19\u00bb, cette conf\u00e9rence \u00e0 distance a \u00e9t\u00e9 l\u2019occasion pour cette responsable d\u2019affirmer que la crise sanitaire actuelle est venue aggraver le ralentissement de l\u2019\u00e9conomie de l\u2019Afrique bien que ce Continent n\u2019est pas totalement le plus touch\u00e9 par les r\u00e9percussions socio-\u00e9conomiques de la pand\u00e9mie.<\/p>\n<p>Elle s\u2019est f\u00e9licit\u00e9e, dans ce sens, de voir l\u2019Afrique s\u2019acheminer vers une sortie de crise, pr\u00e9cisant que les secteurs les plus touch\u00e9s en Afrique sont le tourisme, les services et les exportations des mati\u00e8res premi\u00e8res, dont le prix a consid\u00e9rablement chut\u00e9.\u00a0 Si cette crise sanitaire est en train de mettre \u00e0 rude \u00e9preuve les syst\u00e8mes de sant\u00e9 des pays africains, elle a, pourtant, d\u00e9montr\u00e9 la capacit\u00e9 de la jeunesse africaine \u00e0 innover.<\/p>\n<p>Mme Songwe a, en outre, insist\u00e9 sur la n\u00e9cessit\u00e9 de faire de l\u2019innovation et de la recherche scientifique, un levier du d\u00e9veloppement socio-\u00e9conomique.<\/p>\n<p>\u00abLe d\u00e9veloppement socio-\u00e9conomique de l\u2019Afrique passera n\u00e9cessairement par le renforcement des \u00e9changes inter-africains\u00bb, a-t-elle soutenu, estimant qu\u2019avec la Zone de libre-\u00e9change continentale africaine (ZLECA), les Africains pourront b\u00e2tir une Afrique prosp\u00e8re et r\u00e9siliente.\u00a0 De son c\u00f4t\u00e9, le chef de la division des politiques \u00e9conomiques et de la recherche \u00e0 l\u2019Union Africaine (UA), Dr. Dossina Yeo, a pass\u00e9 en revue les mesures post-Covid prises par cette organisation continentale pour aider l\u2019\u00e9conomie africaine \u00e0 sortir de cette r\u00e9cession.<\/p>\n<p>Les Etats africains ont perdu plus de 100 milliards de dollars de recettes fiscales pendant le confinement, a-t-il d\u00e9plor\u00e9, appelant \u00e0 renforcer le soutien des syst\u00e8mes de sant\u00e9 et \u00e0 r\u00e9organiser et encadrer le secteur informel, qui repr\u00e9sente pr\u00e8s de 70 % de l\u2019\u00e9conomie africaine.<\/p>\n<p>Pour sa part, le pr\u00e9sident de l\u2019UCA, Moulay Lhassan Hbid, a soulign\u00e9 que l\u2019enseignement sup\u00e9rieur a un grand r\u00f4le \u00e0 jouer dans le cadre du renforcement des relations Sud-Sud.<\/p>\n<p>Ces relations sont appel\u00e9es \u00e0 se consolider davantage gr\u00e2ce \u00e0 l\u2019\u00e9change d\u2019informations scientifiques et \u00e0 la promotion de la recherche scientifique ainsi que de la contribution des TIC dans le d\u00e9veloppement, a-t-il ajout\u00e9, notant que l\u2019UCA ne cesse d\u2019adh\u00e9rer aux efforts men\u00e9s \u00e0 m\u00eame de consolider l\u2019ancrage africain du Maroc.\u00a0 Tout en se disant fier de voir l\u2019UCA accueillir des \u00e9tudiants africains, et servir d\u2019espace pour la formation d\u2019\u00e9lites de d\u00e9cideurs et d\u2019acteurs capables de contribuer \u00e0 consolider les liens au sein d\u2019une Afrique forte, M. Hbid a appel\u00e9 \u00e0 l\u2019harmonisation des syst\u00e8mes d\u2019enseignement sup\u00e9rieur et \u00e0 la reconnaissance des dipl\u00f4mes entre pays africains. Le Professeur et pharmacologue Bruno Eto (Universit\u00e9 de Lilles) a appel\u00e9, quant \u00e0 lui, \u00e0 se tourner vers des solutions endog\u00e8nes pour promouvoir l\u2019industrie pharmaceutique africaine et \u00e0 d\u00e9velopper une v\u00e9ritable pharmacologie clinique au niveau du Continent.<\/p>\n<p>Cet expert n\u2019a pas manqu\u00e9 de relever que le Maroc compte une industrie pharmaceutique d\u00e9velopp\u00e9e comparativement aux g\u00e9ants \u00e9conomiques de l\u2019Afrique (L\u2019Afrique du Sud, l\u2019Egypte et le Nigeria).<\/p>\n<p>Pour, Nicolas Agbohou, professeur d\u2019\u00e9conomie \u00e0 l\u2019Universit\u00e9 de Versailles, le d\u00e9veloppement de l\u2019Afrique passe par l\u2019adoption d\u2019une monnaie africaine unique qui sera g\u00e9r\u00e9e par la Banque centrale africaine, laquelle aura pour mission de financer l\u2019industrialisation et la cr\u00e9ation de richesses, \u00e0 m\u00eame d\u2019\u00e9radiquer la pauvret\u00e9 \u00e0 l\u2019\u00e9chelle du Continent et de promouvoir les secteurs de l\u2019habitat, de l\u2019enseignement, de la sant\u00e9, du transport et des infrastructures.<\/p>\n<p>\u00abLa Zone de libre-\u00e9change continentale africaine (ZLECA) est l\u2019avenir de l\u2019Afrique\u00bb, a-t-il conclu.<\/p>\n<p>Auteur: M&rsquo;hammed rahal<br \/>\n<a href=\"http:\/\/albayane.press.ma\/%EF%BB%BFle-cout-du-confinement-en-afrique-seleve-mensuellement-a-09-milliards-de-dollars.html\">Cliquez ici pour lire l&rsquo;article depuis sa source.<\/a><\/p>\n","protected":false},"excerpt":{"rendered":"<p>Mme Vera Songwe Secr\u00e9taire Ex\u00e9cutive de la Commission Economique pour l\u2019Afrique \u00e0 l\u2019ONU Le co\u00fbt du confinement en Afrique s\u2019\u00e9l\u00e8ve mensuellement \u00e0 09 milliards de dollars, a affirm\u00e9 la Secr\u00e9taire Ex\u00e9cutive de la Commission Economique pour l\u2019Afrique (CEA) des Nations Unies, Mme Vera Songwe. \u00abL\u2019Afrique devra passer d\u2019un taux de croissance de 3,2% \u00e0 pr\u00e8s [&hellip;]<\/p>\n","protected":false},"author":1760,"featured_media":0,"comment_status":"closed","ping_status":"closed","sticky":false,"template":"","format":"standard","meta":{"fifu_image_url":"","fifu_image_alt":"","footnotes":""},"categories":[73,54],"tags":[],"class_list":["post-87929","post","type-post","status-publish","format-standard","hentry","category-actualite","category-maroc"],"_links":{"self":[{"href":"https:\/\/linitiative.ca\/International\/wp-json\/wp\/v2\/posts\/87929","targetHints":{"allow":["GET"]}}],"collection":[{"href":"https:\/\/linitiative.ca\/International\/wp-json\/wp\/v2\/posts"}],"about":[{"href":"https:\/\/linitiative.ca\/International\/wp-json\/wp\/v2\/types\/post"}],"author":[{"embeddable":true,"href":"https:\/\/linitiative.ca\/International\/wp-json\/wp\/v2\/users\/1760"}],"replies":[{"embeddable":true,"href":"https:\/\/linitiative.ca\/International\/wp-json\/wp\/v2\/comments?post=87929"}],"version-history":[{"count":0,"href":"https:\/\/linitiative.ca\/International\/wp-json\/wp\/v2\/posts\/87929\/revisions"}],"wp:attachment":[{"href":"https:\/\/linitiative.ca\/International\/wp-json\/wp\/v2\/media?parent=87929"}],"wp:term":[{"taxonomy":"category","embeddable":true,"href":"https:\/\/linitiative.ca\/International\/wp-json\/wp\/v2\/categories?post=87929"},{"taxonomy":"post_tag","embeddable":true,"href":"https:\/\/linitiative.ca\/International\/wp-json\/wp\/v2\/tags?post=87929"}],"curies":[{"name":"wp","href":"https:\/\/api.w.org\/{rel}","templated":true}]}}