{"id":87930,"date":"2020-06-05T11:36:53","date_gmt":"2020-06-05T15:36:53","guid":{"rendered":"https:\/\/linitiative.ca\/International\/avoir-un-bon-reseau-est-utile-dans-linsertion-sociale-et-professionnelle-future%ef%bb%bf\/"},"modified":"2020-06-05T11:36:53","modified_gmt":"2020-06-05T15:36:53","slug":"avoir-un-bon-reseau-est-utile-dans-linsertion-sociale-et-professionnelle-future%ef%bb%bf","status":"publish","type":"post","link":"https:\/\/linitiative.ca\/International\/avoir-un-bon-reseau-est-utile-dans-linsertion-sociale-et-professionnelle-future%ef%bb%bf\/","title":{"rendered":"\u00abAvoir un bon r\u00e9seau est utile dans l\u2019insertion sociale et professionnelle future\u00bb\ufeff"},"content":{"rendered":"<p class=\"has-text-color has-vivid-red-color c2\"><strong>Nawal Hefiri, DG du GSR<\/strong><\/p>\n<p class=\"c3\"><strong>Propos recueillis par Kaoutar Khennach<\/strong><\/p>\n<div class=\"wp-block-image\"><img loading=\"lazy\" decoding=\"async\" src=\"http:\/\/albayane.press.ma\/wp-content\/uploads\/Hefiri.jpg\" alt=\"\" class=\"wp-image-90428\" width=\"199\" height=\"299\"\/><\/div>\n<p class=\"has-text-color c4\"><strong>Le contexte mondial actuel marqu\u00e9 par la pand\u00e9mie du Covid-19 a incit\u00e9 le Groupe Scolaire La R\u00e9sidence (GSR) \u00e0 organiser, pour sa 4e \u00e9dition, un Forum des m\u00e9tiers 100% virtuel. Plus de 20 m\u00e9tiers seront repr\u00e9sent\u00e9s cette ann\u00e9e. Il y aura entre autres, la sant\u00e9, le transport et logistique, la Recherche, la communication, le juridique, l\u2019enseignement, le BTP, l\u2019a\u00e9ronautique\u2026Au programme, plusieurs ateliers au cours desquels les \u00e9l\u00e8ves pourront \u00e9changer avec les professionnels et participer \u00e0 une conf\u00e9rence donn\u00e9e par le Parrain de l\u2019\u00e9v\u00e9nement dont la th\u00e9matique est plus d\u2019actualit\u00e9 : \u00abla mentalit\u00e9 de croissance : une des cl\u00e9s de la r\u00e9ussite\u00bb.\u00a0 Cet \u00e9v\u00e9nement se d\u00e9roulera en ligne ce samedi 06 juin. Dans cet entretien, Nawal Hefiri, directrice g\u00e9n\u00e9ral du GSR \u00e9voque en d\u00e9tail les objectifs de ce forum.<\/strong><\/p>\n<p class=\"has-text-color has-vivid-red-color\"><strong>Al Bayane\u00a0:<\/strong> <strong>Le Groupe Scolaire La R\u00e9sidence organise, la 4e \u00e9dition du Forum des m\u00e9tiers. Quel est int\u00e9r\u00eat de cette \u00e9dition?<\/strong><\/p>\n<p><strong>Nawal Hefiri\u00a0:<\/strong> Notre principal r\u00f4le est d\u2019accompagner nos \u00e9l\u00e8ves dans leur processus de r\u00e9flexion pour m\u00fbrir progressivement leur projet de carri\u00e8re conform\u00e9ment \u00e0 leurs aspirations personnelles et leurs potentialit\u00e9s. Nous leur inculquons ainsi d\u00e8s la maternelle des valeurs capitales notamment la confiance en soi et l\u2019humilit\u00e9 et toute une \u00e9quipe pluridisciplinaire veille \u00e0 leur orientation. A ce titre, notre politique d\u2019orientation met en \u0153uvre diverses et nombreuses actions\u00a0comme celle du forum des m\u00e9tiers.<\/p>\n<p>Cette 4e \u00e9dition\u00a0s\u2019inscrit donc comme rendez-vous annuel incontournable pour permettre \u00e0 nos \u00e9l\u00e8ves\u00a0d\u2019\u00e9changer avec des professionnels (parents d\u2019\u00e9l\u00e8ves, \u00e9quipe du GSR, partenaires du GSR et anciens \u00e9l\u00e8ves gsrois) et se projeter sur les orientations\u00a0universitaires\u00a0\u00a0et les d\u00e9bouch\u00e9es du monde du travail tout en d\u00e9veloppant d\u00e8s \u00e0 pr\u00e9sent la notion du \u00abr\u00e9seau\u00bb professionnel. En effet, avoir un bon r\u00e9seau est utile dans l\u2019insertion sociale et professionnelle future.<\/p>\n<p class=\"has-text-color has-vivid-red-color\"><strong>C\u2019est le premier Forum virtuel des M\u00e9tiers. Comment vous vous \u00eates pr\u00e9par\u00e9s \u00e0 cette \u00e9dition num\u00e9rique?<\/strong><\/p>\n<p>En effet et compte tenu du contexte mondial actuel, nous avons repens\u00e9 tout l\u2019\u00e9v\u00e9nement dans sa globalit\u00e9. Un travail de pr\u00e9paration de plusieurs semaines et qui a mobilis\u00e9 une \u00e9quipe pluridisciplinaire chevronn\u00e9e pour proposer une solution virtuelle adapt\u00e9e \u00e0 tous (\u00e9l\u00e8ves, \u00e9quipes et intervenants). Ce forum est justement comme pr\u00e9cis\u00e9,\u00a0l\u2019un des rendez-vous phares et attendus par tous encore plus aujourd\u2019hui car le monde de demain a besoin d\u2019Hommes et de Femmes capables de surmonter toutes les \u00e9preuves m\u00eames les plus in\u00e9dites.<\/p>\n<p class=\"has-text-color has-vivid-red-color\"><strong>Pensez-vous \u00e0 maintenir la version num\u00e9rique pour les prochaines \u00e9ditions?<\/strong><\/p>\n<p>Pour l\u2019instant, nous sommes tous mobilis\u00e9s. Les\u00a0\u00e9quipes p\u00e9dagogiques, les invit\u00e9s et \u00e9l\u00e8ves nous ont fait confiance pour l\u2019effectivit\u00e9 de ce challenge. Par la suite, il va sans dire que le groupe\u00a0et au vu de l\u2019exp\u00e9rience\u00a0que nous vivons mondialement, est conscient que l\u2019avenir sera diff\u00e9rent et que nous sommes pr\u00eats\u00a0\u00e0 nous adapter.<\/p>\n<p class=\"has-text-color has-vivid-red-color\"><strong>Quels sont les messages cl\u00e9s que vous voulez adresser aux jeunes?<\/strong><\/p>\n<p>Nos jeunes sont avertis, proactifs\u00a0et tr\u00e8s ambitieux. Si il y a un message \u00e0 leur passer aujourd\u2019hui, c\u2019est bien celui d\u2019\u00eatre capables de s\u2019adapter\u00a0au changement et de conqu\u00e9rir\u00a0de nouveaux horizons en maintenant leurs ambitions tout en portant tr\u00e8s haut leurs r\u00eaves\u00a0avec une mentalit\u00e9 positive\u00a0et constructive.<\/p>\n<p>Auteur: M&rsquo;hammed rahal<br \/>\n<a href=\"http:\/\/albayane.press.ma\/avoir-un-bon-reseau-est-utile-dans-linsertion-sociale-et-professionnelle-future%EF%BB%BF.html\">Cliquez ici pour lire l&rsquo;article depuis sa source.<\/a><\/p>\n","protected":false},"excerpt":{"rendered":"<p>Nawal Hefiri, DG du GSR Propos recueillis par Kaoutar Khennach Le contexte mondial actuel marqu\u00e9 par la pand\u00e9mie du Covid-19 a incit\u00e9 le Groupe Scolaire La R\u00e9sidence (GSR) \u00e0 organiser, pour sa 4e \u00e9dition, un Forum des m\u00e9tiers 100% virtuel. Plus de 20 m\u00e9tiers seront repr\u00e9sent\u00e9s cette ann\u00e9e. Il y aura entre autres, la sant\u00e9, [&hellip;]<\/p>\n","protected":false},"author":1760,"featured_media":87931,"comment_status":"closed","ping_status":"closed","sticky":false,"template":"","format":"standard","meta":{"fifu_image_url":"","fifu_image_alt":"","footnotes":""},"categories":[73,54],"tags":[],"class_list":["post-87930","post","type-post","status-publish","format-standard","has-post-thumbnail","hentry","category-actualite","category-maroc"],"_links":{"self":[{"href":"https:\/\/linitiative.ca\/International\/wp-json\/wp\/v2\/posts\/87930","targetHints":{"allow":["GET"]}}],"collection":[{"href":"https:\/\/linitiative.ca\/International\/wp-json\/wp\/v2\/posts"}],"about":[{"href":"https:\/\/linitiative.ca\/International\/wp-json\/wp\/v2\/types\/post"}],"author":[{"embeddable":true,"href":"https:\/\/linitiative.ca\/International\/wp-json\/wp\/v2\/users\/1760"}],"replies":[{"embeddable":true,"href":"https:\/\/linitiative.ca\/International\/wp-json\/wp\/v2\/comments?post=87930"}],"version-history":[{"count":0,"href":"https:\/\/linitiative.ca\/International\/wp-json\/wp\/v2\/posts\/87930\/revisions"}],"wp:featuredmedia":[{"embeddable":true,"href":"https:\/\/linitiative.ca\/International\/wp-json\/"}],"wp:attachment":[{"href":"https:\/\/linitiative.ca\/International\/wp-json\/wp\/v2\/media?parent=87930"}],"wp:term":[{"taxonomy":"category","embeddable":true,"href":"https:\/\/linitiative.ca\/International\/wp-json\/wp\/v2\/categories?post=87930"},{"taxonomy":"post_tag","embeddable":true,"href":"https:\/\/linitiative.ca\/International\/wp-json\/wp\/v2\/tags?post=87930"}],"curies":[{"name":"wp","href":"https:\/\/api.w.org\/{rel}","templated":true}]}}