{"id":87932,"date":"2020-06-05T08:01:48","date_gmt":"2020-06-05T12:01:48","guid":{"rendered":"https:\/\/linitiative.ca\/International\/bourse-de-tunis-retour-a-la-cotation-se-fera-selon-les-regles-habituelles\/"},"modified":"2020-06-05T08:01:48","modified_gmt":"2020-06-05T12:01:48","slug":"bourse-de-tunis-retour-a-la-cotation-se-fera-selon-les-regles-habituelles","status":"publish","type":"post","link":"https:\/\/linitiative.ca\/International\/bourse-de-tunis-retour-a-la-cotation-se-fera-selon-les-regles-habituelles\/","title":{"rendered":"Bourse de Tunis :  Retour \u00e0 la cotation se fera selon les r\u00e8gles habituelles"},"content":{"rendered":"<p>La cotation \u00e0 la Bourse de Tunisie se fera, \u00e0 compter de la s\u00e9ance du lundi 8 juin 2020, selon les r\u00e8gles de cotation habituelles, a annonc\u00e9 la BVMT, dans un communiqu\u00e9 publi\u00e9 jeudi sur son site web.<\/p>\n<p>Et de pr\u00e9ciser que l\u2019horaire de cotation actuel (horaire de cotation d\u2019\u00e9t\u00e9), sera maintenu jusqu\u2019\u00e0 nouvel ordre.<\/p>\n<p>La BVMT a rappel\u00e9, que les transactions de bloc sont d\u00e9clar\u00e9es et r\u00e9alis\u00e9es \u00e0 l\u2019issue de la cl\u00f4ture de la s\u00e9ance de n\u00e9gociation entre 12h10 et 12h30.Quant \u00e0 la n\u00e9gociation sur panneaux, elle se fait entre 10h00 et 10h15, et celle \u00e0 la cri\u00e9e se fait chaque vendredi \u00e0 partir de 10h00.<\/p>\n<div class=\"wp-post-author-wrap wp-post-author-shortcode left\">\n<h3 class=\"awpa-title\"\/>\n<div class=\"wp-post-author\">\n<div class=\"awpa-img awpa-author-block square\"><a href=\"http:\/\/lexpertjournal.net\/fr\/?author=5\"><img loading=\"lazy\" decoding=\"async\" alt=\"\" src=\"http:\/\/0.gravatar.com\/avatar\/97f8e10a1c1125ba104a76514ee07b16?s=150&amp;d=mm&amp;r=g\" srcset=\"http:\/\/0.gravatar.com\/avatar\/97f8e10a1c1125ba104a76514ee07b16?s=300&amp;d=mm&amp;r=g 2x\" class=\"avatar avatar-150 photo\" height=\"150\" width=\"150\"\/><\/a><\/div>\n<\/div>\n<\/div>\n<aside class=\"mashsb-container mashsb-main mashsb-stretched\">\n<\/aside>\n<p>Auteur: L&rsquo;expert<br \/>\n<a href=\"http:\/\/lexpertjournal.net\/fr\/?p=15094\">Cliquez ici pour lire l&rsquo;article depuis sa source.<\/a><\/p>\n","protected":false},"excerpt":{"rendered":"<p>La cotation \u00e0 la Bourse de Tunisie se fera, \u00e0 compter de la s\u00e9ance du lundi 8 juin 2020, selon les r\u00e8gles de cotation habituelles, a annonc\u00e9 la BVMT, dans un communiqu\u00e9 publi\u00e9 jeudi sur son site web. Et de pr\u00e9ciser que l\u2019horaire de cotation actuel (horaire de cotation d\u2019\u00e9t\u00e9), sera maintenu jusqu\u2019\u00e0 nouvel ordre. [&hellip;]<\/p>\n","protected":false},"author":1775,"featured_media":0,"comment_status":"closed","ping_status":"closed","sticky":false,"template":"","format":"standard","meta":{"fifu_image_url":"","fifu_image_alt":"","footnotes":""},"categories":[78,55],"tags":[],"class_list":["post-87932","post","type-post","status-publish","format-standard","hentry","category-economie","category-tunisie"],"_links":{"self":[{"href":"https:\/\/linitiative.ca\/International\/wp-json\/wp\/v2\/posts\/87932","targetHints":{"allow":["GET"]}}],"collection":[{"href":"https:\/\/linitiative.ca\/International\/wp-json\/wp\/v2\/posts"}],"about":[{"href":"https:\/\/linitiative.ca\/International\/wp-json\/wp\/v2\/types\/post"}],"author":[{"embeddable":true,"href":"https:\/\/linitiative.ca\/International\/wp-json\/wp\/v2\/users\/1775"}],"replies":[{"embeddable":true,"href":"https:\/\/linitiative.ca\/International\/wp-json\/wp\/v2\/comments?post=87932"}],"version-history":[{"count":0,"href":"https:\/\/linitiative.ca\/International\/wp-json\/wp\/v2\/posts\/87932\/revisions"}],"wp:attachment":[{"href":"https:\/\/linitiative.ca\/International\/wp-json\/wp\/v2\/media?parent=87932"}],"wp:term":[{"taxonomy":"category","embeddable":true,"href":"https:\/\/linitiative.ca\/International\/wp-json\/wp\/v2\/categories?post=87932"},{"taxonomy":"post_tag","embeddable":true,"href":"https:\/\/linitiative.ca\/International\/wp-json\/wp\/v2\/tags?post=87932"}],"curies":[{"name":"wp","href":"https:\/\/api.w.org\/{rel}","templated":true}]}}