{"id":87936,"date":"2020-06-05T08:10:44","date_gmt":"2020-06-05T12:10:44","guid":{"rendered":"https:\/\/linitiative.ca\/International\/al-karama-holding-2eme-avis-de-cession-de-8993-du-capital-de-la-shems-fm\/"},"modified":"2020-06-05T08:10:44","modified_gmt":"2020-06-05T12:10:44","slug":"al-karama-holding-2eme-avis-de-cession-de-8993-du-capital-de-la-shems-fm","status":"publish","type":"post","link":"https:\/\/linitiative.ca\/International\/al-karama-holding-2eme-avis-de-cession-de-8993-du-capital-de-la-shems-fm\/","title":{"rendered":"Al Karama Holding :  2\u00e8me avis de cession de 89,93% du capital de la \u00ab Shems FM \u00bb"},"content":{"rendered":"<p class=\"c1\">La soci\u00e9t\u00e9 Al Karama Holding, envisage de r\u00e9activer l\u2019op\u00e9ration de cession des participations publiques directes et indirectes repr\u00e9sentant 89,93% du capital de la soci\u00e9t\u00e9 TUNISIA BROADCASTING \u00ab Shems FM \u00bb.<\/p>\n<p class=\"c1\">Et de pr\u00e9ciser dans un communiqu\u00e9 publi\u00e9, jeudi, que les candidats int\u00e9ress\u00e9s par l\u2019op\u00e9ration et d\u00e9sirant obtenir de plus amples informations sur la soci\u00e9t\u00e9 et le processus de cession, sont invit\u00e9s \u00e0 prendre contact avec Al Karama Holding, et ce, avant le 3 juillet 2020.<\/p>\n<p class=\"c1\">Il s\u2019agit de deuxi\u00e8me appel \u00e0 manifestation apr\u00e8s celui annonc\u00e9 le 24 janvier 2020 par Al Karama Holding en raison de non-r\u00e9ception d\u2019offre dans les d\u00e9lais fix\u00e9s (11 f\u00e9vrier 2020).<\/p>\n<div class=\"wp-post-author-wrap wp-post-author-shortcode left\">\n<h3 class=\"awpa-title\"\/>\n<div class=\"wp-post-author\">\n<div class=\"awpa-img awpa-author-block square\"><a href=\"http:\/\/lexpertjournal.net\/fr\/?author=5\"><img loading=\"lazy\" decoding=\"async\" alt=\"\" src=\"http:\/\/0.gravatar.com\/avatar\/97f8e10a1c1125ba104a76514ee07b16?s=150&amp;d=mm&amp;r=g\" srcset=\"http:\/\/0.gravatar.com\/avatar\/97f8e10a1c1125ba104a76514ee07b16?s=300&amp;d=mm&amp;r=g 2x\" class=\"avatar avatar-150 photo\" height=\"150\" width=\"150\"\/><\/a><\/div>\n<\/div>\n<\/div>\n<aside class=\"mashsb-container mashsb-main mashsb-stretched\">\n<\/aside>\n<p>Auteur: L&rsquo;expert<br \/>\n<a href=\"http:\/\/lexpertjournal.net\/fr\/?p=15106\">Cliquez ici pour lire l&rsquo;article depuis sa source.<\/a><\/p>\n","protected":false},"excerpt":{"rendered":"<p>La soci\u00e9t\u00e9 Al Karama Holding, envisage de r\u00e9activer l\u2019op\u00e9ration de cession des participations publiques directes et indirectes repr\u00e9sentant 89,93% du capital de la soci\u00e9t\u00e9 TUNISIA BROADCASTING \u00ab Shems FM \u00bb. Et de pr\u00e9ciser dans un communiqu\u00e9 publi\u00e9, jeudi, que les candidats int\u00e9ress\u00e9s par l\u2019op\u00e9ration et d\u00e9sirant obtenir de plus amples informations sur la soci\u00e9t\u00e9 et [&hellip;]<\/p>\n","protected":false},"author":1775,"featured_media":0,"comment_status":"closed","ping_status":"closed","sticky":false,"template":"","format":"standard","meta":{"fifu_image_url":"","fifu_image_alt":"","footnotes":""},"categories":[78,55],"tags":[],"class_list":["post-87936","post","type-post","status-publish","format-standard","hentry","category-economie","category-tunisie"],"_links":{"self":[{"href":"https:\/\/linitiative.ca\/International\/wp-json\/wp\/v2\/posts\/87936","targetHints":{"allow":["GET"]}}],"collection":[{"href":"https:\/\/linitiative.ca\/International\/wp-json\/wp\/v2\/posts"}],"about":[{"href":"https:\/\/linitiative.ca\/International\/wp-json\/wp\/v2\/types\/post"}],"author":[{"embeddable":true,"href":"https:\/\/linitiative.ca\/International\/wp-json\/wp\/v2\/users\/1775"}],"replies":[{"embeddable":true,"href":"https:\/\/linitiative.ca\/International\/wp-json\/wp\/v2\/comments?post=87936"}],"version-history":[{"count":0,"href":"https:\/\/linitiative.ca\/International\/wp-json\/wp\/v2\/posts\/87936\/revisions"}],"wp:attachment":[{"href":"https:\/\/linitiative.ca\/International\/wp-json\/wp\/v2\/media?parent=87936"}],"wp:term":[{"taxonomy":"category","embeddable":true,"href":"https:\/\/linitiative.ca\/International\/wp-json\/wp\/v2\/categories?post=87936"},{"taxonomy":"post_tag","embeddable":true,"href":"https:\/\/linitiative.ca\/International\/wp-json\/wp\/v2\/tags?post=87936"}],"curies":[{"name":"wp","href":"https:\/\/api.w.org\/{rel}","templated":true}]}}