{"id":87938,"date":"2020-06-05T13:06:02","date_gmt":"2020-06-05T17:06:02","guid":{"rendered":"https:\/\/linitiative.ca\/International\/questionnement-du-colonialisme-ouvrage-sur-lesprit-dhegemonie-des-anciennes-colonies\/"},"modified":"2020-06-05T13:06:02","modified_gmt":"2020-06-05T17:06:02","slug":"questionnement-du-colonialisme-ouvrage-sur-lesprit-dhegemonie-des-anciennes-colonies","status":"publish","type":"post","link":"https:\/\/linitiative.ca\/International\/questionnement-du-colonialisme-ouvrage-sur-lesprit-dhegemonie-des-anciennes-colonies\/","title":{"rendered":"\u00ab\u00a0Questionnement du colonialisme\u00a0\u00bb, ouvrage sur l\u2019esprit d\u2019h\u00e9g\u00e9monie des anciennes colonies"},"content":{"rendered":"<div readability=\"36\">\n<p><strong>ALGER- Le minist\u00e8re de la Culture a r\u00e9cemment publi\u00e9 le deuxi\u00e8me num\u00e9ro du magazine culturel \u00ab\u00a0Inziyahat\u00a0\u00bb qui est accompagn\u00e9 d&rsquo;un ouvrage collectif intitul\u00e9 \u00ab\u00a0Questionnement du colonialisme\u00a0\u00bb, oeuvre de plusieurs \u00e9crivains qui ont mis \u00e0 nu les m\u00e9thodes de domination et d\u2019h\u00e9g\u00e9monie de l&rsquo;esprit occidental sur les cultures des anciennes colonies.<\/strong><\/p>\n<\/div>\n<div readability=\"87.5\">\n<p>Parmi les participants \u00e0 cet ouvrage, l&rsquo;universitaire, Ouahid Benbouaziz, qui a pr\u00e9sent\u00e9 une lecture sur le livre du linguiste et philosophe marxiste pakistanais Ijaz Ahmad, \u00ab\u00a0Sur la th\u00e9orie &#8230; classes, nations, litt\u00e9ratures\u00a0\u00bb (1992), consid\u00e9r\u00e9 par nombre d&rsquo;\u00e9crivains arabes comme une extension des livres critiquant l\u2019ouvrage \u00ab\u00a0l&rsquo;orientalisme\u00a0\u00bb du linguiste am\u00e9ricain d&rsquo;origine palestinienne Edward Said.<\/p>\n<p>L\u2019\u00e9crivain revient sur plusieurs sujets trait\u00e9s par Ijaz Ahmed dans son livre, \u00e0 l\u2019instar du \u00ab\u00a0contr\u00f4le\u00a0\u00bb op\u00e9r\u00e9 par l&rsquo;Occident sur la litt\u00e9rature des pays commun\u00e9ment appel\u00e9s \u00ab\u00a0tiers monde\u00a0\u00bb.<\/p>\n<blockquote readability=\"10\">\n<p><strong>Selon Ouahid Benbouaziz, l&rsquo;Occident a travaill\u00e9 sur \u00ab\u00a0l\u2019adoption de textes id\u00e9ologiques qui servent ses int\u00e9r\u00eats plus que ceux du tiers monde\u00a0\u00bb, ajoutant que la reconnaissance de certains \u00e9crivains locaux originaires d\u2019anciennes colonies \u00ab\u00a0passe par un processus de filtrage pr\u00e9cis destin\u00e9 \u00e0 servir les id\u00e9ologies occidentalis\u00e9es\u00a0\u00bb.<\/strong><\/p>\n<\/blockquote>\n<p>Le suppl\u00e9ment pr\u00e9sente \u00e9galement un texte sur l&rsquo;\u00e9crivaine globe-trotter fran\u00e7aise Isabelle Eberhart, \u00e9crit par Abderrahmane Oughlissi, qui , \u00e0 travers une lecture critique de \u00ab\u00a0Yasmina\u00a0\u00bb, une des histoires de l&rsquo;auteure fran\u00e7aise, \u00e9tabli ses intentions colonialistes, estimant qu&rsquo;il est \u00ab\u00a0na\u00eff de consid\u00e9rer ses \u0153uvres comme innocentes, pures et loin du jeu colonial\u00a0\u00bb.<\/p>\n<p>Abderrahmane Oughlissi souligne que les \u00e9crits d&rsquo;Isabelle Eberhart appartiennent \u00e0 cette litt\u00e9rature qui \u00ab\u00a0vise \u00e0 activer les strat\u00e9gies de l&rsquo;imp\u00e9rialisme mondial\u00a0\u00bb, lequel sert \u00e0 contenir, r\u00e9duire, voire d\u00e9former l&rsquo;histoire des peuples colonis\u00e9s, afin de faciliter leur domination et mieux les pr\u00e9parer \u00e0 l&rsquo;assujettissement\u00a0\u00bb.<\/p>\n<p>D&rsquo;autres sujets pr\u00e9sent\u00e9s dans le suppl\u00e9ment traitent des questions du colonialisme et du post-colonialisme, de la condamnation des g\u00e9nocides caus\u00e9s par l&rsquo;esprit occidental, des textes sur le roman alg\u00e9rien contemporain, et une lecture sur l\u2019ouvrage \u00ab\u00a0Notes alg\u00e9riennes\u00a0\u00bb du journaliste anticolonialiste fran\u00e7ais et avocat des droits de l&rsquo;homme, Henri Alleg.<\/p>\n<p>En plus de ce livre critique et \u00e9litiste, le magazine pr\u00e9sente \u00e9galement un autre suppl\u00e9ment intitul\u00e9 \u00ab\u00a0El manass El Adabi\u00a0\u00bb (le refuge litt\u00e9raire) qui comprend de nombreux textes litt\u00e9raires, po\u00e9tiques et de fiction, d&rsquo;auteurs alg\u00e9riens et arabes.<\/p>\n<\/div>\n<p>Auteur:<br \/>\n<a href=\"http:\/\/www.aps.dz\/culture\/105819-questionnement-du-colonialisme-un-ouvrage-collectif-sur-l-esprit-d-hegemonie-dans-la-pensee-occidentale\">Cliquez ici pour lire l&rsquo;article depuis sa source.<\/a><\/p>\n","protected":false},"excerpt":{"rendered":"<p>ALGER- Le minist\u00e8re de la Culture a r\u00e9cemment publi\u00e9 le deuxi\u00e8me num\u00e9ro du magazine culturel \u00ab\u00a0Inziyahat\u00a0\u00bb qui est accompagn\u00e9 d&rsquo;un ouvrage collectif intitul\u00e9 \u00ab\u00a0Questionnement du colonialisme\u00a0\u00bb, oeuvre de plusieurs \u00e9crivains qui ont mis \u00e0 nu les m\u00e9thodes de domination et d\u2019h\u00e9g\u00e9monie de l&rsquo;esprit occidental sur les cultures des anciennes colonies. Parmi les participants \u00e0 cet [&hellip;]<\/p>\n","protected":false},"author":1790,"featured_media":0,"comment_status":"closed","ping_status":"closed","sticky":false,"template":"","format":"standard","meta":{"fifu_image_url":"","fifu_image_alt":"","footnotes":""},"categories":[53,79],"tags":[],"class_list":["post-87938","post","type-post","status-publish","format-standard","hentry","category-algerie","category-culture"],"_links":{"self":[{"href":"https:\/\/linitiative.ca\/International\/wp-json\/wp\/v2\/posts\/87938","targetHints":{"allow":["GET"]}}],"collection":[{"href":"https:\/\/linitiative.ca\/International\/wp-json\/wp\/v2\/posts"}],"about":[{"href":"https:\/\/linitiative.ca\/International\/wp-json\/wp\/v2\/types\/post"}],"author":[{"embeddable":true,"href":"https:\/\/linitiative.ca\/International\/wp-json\/wp\/v2\/users\/1790"}],"replies":[{"embeddable":true,"href":"https:\/\/linitiative.ca\/International\/wp-json\/wp\/v2\/comments?post=87938"}],"version-history":[{"count":0,"href":"https:\/\/linitiative.ca\/International\/wp-json\/wp\/v2\/posts\/87938\/revisions"}],"wp:attachment":[{"href":"https:\/\/linitiative.ca\/International\/wp-json\/wp\/v2\/media?parent=87938"}],"wp:term":[{"taxonomy":"category","embeddable":true,"href":"https:\/\/linitiative.ca\/International\/wp-json\/wp\/v2\/categories?post=87938"},{"taxonomy":"post_tag","embeddable":true,"href":"https:\/\/linitiative.ca\/International\/wp-json\/wp\/v2\/tags?post=87938"}],"curies":[{"name":"wp","href":"https:\/\/api.w.org\/{rel}","templated":true}]}}