{"id":87945,"date":"2020-06-04T20:28:21","date_gmt":"2020-06-05T00:28:21","guid":{"rendered":"https:\/\/linitiative.ca\/International\/3-898-cas-exclus-apres-des-tests-negatifs-au-covid-19-dps\/"},"modified":"2020-06-04T20:28:21","modified_gmt":"2020-06-05T00:28:21","slug":"3-898-cas-exclus-apres-des-tests-negatifs-au-covid-19-dps","status":"publish","type":"post","link":"https:\/\/linitiative.ca\/International\/3-898-cas-exclus-apres-des-tests-negatifs-au-covid-19-dps\/","title":{"rendered":"3.898 cas exclus apr\u00e8s des tests n\u00e9gatifs au Covid-19 (DPS)"},"content":{"rendered":"<div class=\"single-featured\"><img alt=\"\" data-src=\"http:\/\/www.mapmarrakech.ma\/map\/uploads\/2020\/06\/safi-copier.jpg\"\/><\/div>\n<div class=\"single-post-excerpt post-excerpt-bc\" readability=\"38\">\n<p>Safi \u2013 Le nombre de cas exclus apr\u00e8s les r\u00e9sultats n\u00e9gatifs des analyses effectu\u00e9es au laboratoire en vue de diagnostiquer une \u00e9ventuelle contamination au nouveau coronavirus s\u2019est \u00e9lev\u00e9, jeudi \u00e0 18H00, \u00e0 3.898 au niveau de la province de Safi, indique la D\u00e9l\u00e9gation Provinciale de la Sant\u00e9 (DPS).<\/p>\n<\/div>\n<div class=\"entry-content clearfix single-post-content\" readability=\"54\">\n<p>Ainsi, quelque 4.341 tests ont \u00e9t\u00e9 r\u00e9alis\u00e9s au niveau de cette province, selon les donn\u00e9es de la DPS, relevant que 441 cas sont en attente des r\u00e9sultats des analyses.<\/p>\n<p>La province de Safi vient d\u2019\u00eatre d\u00e9clar\u00e9e \u00ab\u00a0indemne\u00a0\u00bb de tout cas de contamination au Covid-19, apr\u00e8s la r\u00e9mission compl\u00e8te, mercredi soir, de trois patients qui suivaient leur traitement au niveau de l\u2019h\u00f4pital Mohammed V.<\/p>\n<p>Ces nouvelles r\u00e9missions portent \u00e0 05, le nombre total des patients totalement r\u00e9tablis au niveau de cette province qui, depuis le d\u00e9clenchement de la pand\u00e9mie, n\u2019a enregistr\u00e9 aucun d\u00e9c\u00e8s d\u00fb au Covid-19.<\/p>\n<p>La situation \u00e9pid\u00e9miologique demeure \u00ab\u00a0rassurante\u00a0\u00bb et \u00ab\u00a0sous contr\u00f4le\u00a0\u00bb au niveau de cette partie du territoire national, conclut la DPS de Safi.<\/p>\n<\/div>\n<p>Auteur: Meriem IGASS<br \/>\n<a href=\"http:\/\/www.mapmarrakech.ma\/fr\/3-898-cas-exclus-apres-des-tests-negatifs-au-covid-19-dps\/\">Cliquez ici pour lire l&rsquo;article depuis sa source.<\/a><\/p>\n","protected":false},"excerpt":{"rendered":"<p>Safi \u2013 Le nombre de cas exclus apr\u00e8s les r\u00e9sultats n\u00e9gatifs des analyses effectu\u00e9es au laboratoire en vue de diagnostiquer une \u00e9ventuelle contamination au nouveau coronavirus s\u2019est \u00e9lev\u00e9, jeudi \u00e0 18H00, \u00e0 3.898 au niveau de la province de Safi, indique la D\u00e9l\u00e9gation Provinciale de la Sant\u00e9 (DPS). Ainsi, quelque 4.341 tests ont \u00e9t\u00e9 r\u00e9alis\u00e9s [&hellip;]<\/p>\n","protected":false},"author":1788,"featured_media":87946,"comment_status":"closed","ping_status":"closed","sticky":false,"template":"","format":"standard","meta":{"fifu_image_url":"","fifu_image_alt":"","footnotes":""},"categories":[54,76],"tags":[],"class_list":["post-87945","post","type-post","status-publish","format-standard","has-post-thumbnail","hentry","category-maroc","category-regions"],"_links":{"self":[{"href":"https:\/\/linitiative.ca\/International\/wp-json\/wp\/v2\/posts\/87945","targetHints":{"allow":["GET"]}}],"collection":[{"href":"https:\/\/linitiative.ca\/International\/wp-json\/wp\/v2\/posts"}],"about":[{"href":"https:\/\/linitiative.ca\/International\/wp-json\/wp\/v2\/types\/post"}],"author":[{"embeddable":true,"href":"https:\/\/linitiative.ca\/International\/wp-json\/wp\/v2\/users\/1788"}],"replies":[{"embeddable":true,"href":"https:\/\/linitiative.ca\/International\/wp-json\/wp\/v2\/comments?post=87945"}],"version-history":[{"count":0,"href":"https:\/\/linitiative.ca\/International\/wp-json\/wp\/v2\/posts\/87945\/revisions"}],"wp:featuredmedia":[{"embeddable":true,"href":"https:\/\/linitiative.ca\/International\/wp-json\/"}],"wp:attachment":[{"href":"https:\/\/linitiative.ca\/International\/wp-json\/wp\/v2\/media?parent=87945"}],"wp:term":[{"taxonomy":"category","embeddable":true,"href":"https:\/\/linitiative.ca\/International\/wp-json\/wp\/v2\/categories?post=87945"},{"taxonomy":"post_tag","embeddable":true,"href":"https:\/\/linitiative.ca\/International\/wp-json\/wp\/v2\/tags?post=87945"}],"curies":[{"name":"wp","href":"https:\/\/api.w.org\/{rel}","templated":true}]}}