{"id":87949,"date":"2020-06-05T08:11:20","date_gmt":"2020-06-05T12:11:20","guid":{"rendered":"https:\/\/linitiative.ca\/International\/campagne-medicale-au-profit-de-personnes-en-situation-de-rue\/"},"modified":"2020-06-05T08:11:20","modified_gmt":"2020-06-05T12:11:20","slug":"campagne-medicale-au-profit-de-personnes-en-situation-de-rue","status":"publish","type":"post","link":"https:\/\/linitiative.ca\/International\/campagne-medicale-au-profit-de-personnes-en-situation-de-rue\/","title":{"rendered":"Campagne m\u00e9dicale au profit de personnes en situation de rue"},"content":{"rendered":"<div readability=\"37\">\n<p>Essaouira \u2013 Une campagne m\u00e9dicale a \u00e9t\u00e9 organis\u00e9e, mercredi, par la D\u00e9l\u00e9gation provinciale de la Sant\u00e9 \u00e0 Essaouira, au profit de personnes en situation de rue et de sans abri au niveau de la Cit\u00e9 des Aliz\u00e9s.<\/p>\n<\/div>\n<div readability=\"92\">\n<p>Cette action solidaire et humanitaire, qui s\u2019est d\u00e9roul\u00e9e sous la supervision du D\u00e9l\u00e9gu\u00e9 provincial de la Sant\u00e9, Dr. Zakaria A\u00eft Lahcen, a b\u00e9n\u00e9fici\u00e9 \u00e0 un total de 45 personnes (tous des hommes).<\/p>\n<p>Il s\u2019agit de 43 personnes en situation de rue et de sans abri, qui ont \u00e9t\u00e9 pris en charge et log\u00e9s par les autorit\u00e9s locales en collaboration avec le conseil communal d\u2019Essaouira \u00e0 la Salle couverte Al Massira et ce, dans le sillage des actions men\u00e9es et des dispositifs de pr\u00e9vention et de pr\u00e9caution mis en place depuis la d\u00e9claration de l\u2019\u00e9tat d\u2019urgence sanitaire pour \u00e9viter tout risque de propagation du Covid-19, en plus de deux agents charg\u00e9s de veiller \u00e0 la s\u00e9curit\u00e9 des pensionnaires.<\/p>\n<p>Cette op\u00e9ration a \u00e9t\u00e9 men\u00e9e dans le cadre du respect strict des mesures pr\u00e9ventives d\u00e9cr\u00e9t\u00e9es par les autorit\u00e9s comp\u00e9tentes pour circonscrire la propagation de la pand\u00e9mie du nouveau coronavirus.<\/p>\n<p>Dans une d\u00e9claration \u00e0 la MAP, Dr. A\u00eft Lahcen a pr\u00e9cis\u00e9 que cette campagne m\u00e9dicale a \u00e9t\u00e9 encadr\u00e9e par un staff compos\u00e9 de deux m\u00e9decins g\u00e9n\u00e9ralistes et de 3 infirmiers, sachant qu\u2019un infirmier a \u00e9t\u00e9 mobilis\u00e9, d\u00e8s le d\u00e9part et en permanence, en cas d\u2019accueil de nouvelles personnes en situation de rue \u00e0 la Salle couverte, en vue de s\u2019assurer de leur \u00e9tat de sant\u00e9.<\/p>\n<p>Il a, dans ce sens, soulign\u00e9 qu\u2019il a \u00e9t\u00e9 proc\u00e9d\u00e9 \u00e0 des consultations g\u00e9n\u00e9rales, \u00e0 des d\u00e9pistages de maladies chroniques (diab\u00e8te, hypertension art\u00e9rielle\u2026), ainsi qu\u2019\u00e0 des pr\u00e9l\u00e8vements aupr\u00e8s des pensionnaires qui pr\u00e9sentaient des signes suspects d\u2019infection respiratoire pour la d\u00e9tection d\u2019\u00e9ventuels cas de tuberculose.<\/p>\n<p>Et Dr. A\u00eft Lahcen de poursuivre que des m\u00e9dicaments ont \u00e9t\u00e9 prodigu\u00e9s aux personnes test\u00e9es diab\u00e9tiques et hypertendues, pr\u00e9cisant qu\u2019une dizaine d\u2019entre elles ont b\u00e9n\u00e9fici\u00e9 de cahiers de sant\u00e9 afin qu\u2019elles puissent poursuivre leur traitement dans les centres de sant\u00e9 les plus proches apr\u00e8s la lev\u00e9e du confinement sanitaire, alors qu\u2019un autre cas est suivi au niveau du Centre Hospitalier Provincial (CHP) Sidi Mohammed Ben Abdallah pour probl\u00e8mes respiratoires.<\/p>\n<p>Le D\u00e9l\u00e9gu\u00e9 provincial de la sant\u00e9 a, en outre, fait savoir que l\u2019un des pensionnaires souffre d\u2019un probl\u00e8me oculaire (d\u00e9collement de r\u00e9tine), qui n\u00e9cessite une intervention chirurgicale, ajoutant que la D\u00e9l\u00e9gation va \u0153uvrer en collaboration avec les autorit\u00e9s locales et l\u2019une des associations pour la prise en charge de ce patient.<\/p>\n<p>Il a, par ailleurs, not\u00e9 que cette campagne m\u00e9dicale a \u00e9t\u00e9 aussi marqu\u00e9e par la distribution de lots de m\u00e9dicaments et de masques de protection aux pensionnaires ainsi que par leur sensibilisation \u00e0 l\u2019importance du respect scrupuleux des mesures d\u2019hygi\u00e8ne et de s\u00e9curit\u00e9 sanitaire pour \u00e9viter tout risque d\u2019infection au Covid-19.<\/p>\n<\/div>\n<p>Auteur: Meriem IGASS<br \/>\n<a href=\"http:\/\/www.mapmarrakech.ma\/fr\/campagne-medicale-au-profit-de-personnes-en-situation-de-rue\/\">Cliquez ici pour lire l&rsquo;article depuis sa source.<\/a><\/p>\n","protected":false},"excerpt":{"rendered":"<p>Essaouira \u2013 Une campagne m\u00e9dicale a \u00e9t\u00e9 organis\u00e9e, mercredi, par la D\u00e9l\u00e9gation provinciale de la Sant\u00e9 \u00e0 Essaouira, au profit de personnes en situation de rue et de sans abri au niveau de la Cit\u00e9 des Aliz\u00e9s. Cette action solidaire et humanitaire, qui s\u2019est d\u00e9roul\u00e9e sous la supervision du D\u00e9l\u00e9gu\u00e9 provincial de la Sant\u00e9, Dr. [&hellip;]<\/p>\n","protected":false},"author":1788,"featured_media":0,"comment_status":"closed","ping_status":"closed","sticky":false,"template":"","format":"standard","meta":{"fifu_image_url":"","fifu_image_alt":"","footnotes":""},"categories":[54,76],"tags":[],"class_list":["post-87949","post","type-post","status-publish","format-standard","hentry","category-maroc","category-regions"],"_links":{"self":[{"href":"https:\/\/linitiative.ca\/International\/wp-json\/wp\/v2\/posts\/87949","targetHints":{"allow":["GET"]}}],"collection":[{"href":"https:\/\/linitiative.ca\/International\/wp-json\/wp\/v2\/posts"}],"about":[{"href":"https:\/\/linitiative.ca\/International\/wp-json\/wp\/v2\/types\/post"}],"author":[{"embeddable":true,"href":"https:\/\/linitiative.ca\/International\/wp-json\/wp\/v2\/users\/1788"}],"replies":[{"embeddable":true,"href":"https:\/\/linitiative.ca\/International\/wp-json\/wp\/v2\/comments?post=87949"}],"version-history":[{"count":0,"href":"https:\/\/linitiative.ca\/International\/wp-json\/wp\/v2\/posts\/87949\/revisions"}],"wp:attachment":[{"href":"https:\/\/linitiative.ca\/International\/wp-json\/wp\/v2\/media?parent=87949"}],"wp:term":[{"taxonomy":"category","embeddable":true,"href":"https:\/\/linitiative.ca\/International\/wp-json\/wp\/v2\/categories?post=87949"},{"taxonomy":"post_tag","embeddable":true,"href":"https:\/\/linitiative.ca\/International\/wp-json\/wp\/v2\/tags?post=87949"}],"curies":[{"name":"wp","href":"https:\/\/api.w.org\/{rel}","templated":true}]}}