{"id":87950,"date":"2020-06-05T08:24:35","date_gmt":"2020-06-05T12:24:35","guid":{"rendered":"https:\/\/linitiative.ca\/International\/covid-19-5-nouveaux-cas-confirmes-a-marrakech-safi-drs\/"},"modified":"2020-06-05T08:24:35","modified_gmt":"2020-06-05T12:24:35","slug":"covid-19-5-nouveaux-cas-confirmes-a-marrakech-safi-drs","status":"publish","type":"post","link":"https:\/\/linitiative.ca\/International\/covid-19-5-nouveaux-cas-confirmes-a-marrakech-safi-drs\/","title":{"rendered":"Covid-19: 5 nouveaux cas confirm\u00e9s \u00e0 Marrakech-Safi (DRS)"},"content":{"rendered":"<div readability=\"37\">\n<p>Marrakech \u2013 Cinq nouveaux cas d\u2019infection au Covid-19 ont \u00e9t\u00e9 confirm\u00e9s au niveau de la r\u00e9gion de Marrakech-Safi, portant \u00e0 1.398 le nombre total des contaminations recens\u00e9es dans la r\u00e9gion depuis l\u2019apparition de la pand\u00e9mie jusqu\u2019\u00e0 vendredi \u00e0 10H00, dont 79 patients actuellement sous traitement.<\/p>\n<\/div>\n<div readability=\"73\">\n<p>Ces cas sous traitement sont tous hospitalis\u00e9s au niveau de la pr\u00e9fecture de Marrakech, indique la Direction R\u00e9gionale de la Sant\u00e9 (DRS) dans un nouveau bilan.<\/p>\n<p>Par ailleurs, la DRS rel\u00e8ve que le nombre des personnes d\u00e9clar\u00e9es d\u00e9finitivement r\u00e9tablies dans la r\u00e9gion s\u2019\u00e9l\u00e8ve \u00e0 1.267, r\u00e9parties entre la pr\u00e9fecture de Marrakech (952) et les provinces de Rehamna (231), d\u2019Al-Haouz (50), de Chichaoua (24), d\u2019El Kel\u00e2a des Sraghna (04), d\u2019Essaouira (04) et de Safi (02), pr\u00e9cisant que le taux de gu\u00e9rison s\u2019\u00e9l\u00e8ve \u00e0 90,6%.<\/p>\n<p>A la faveur de ces r\u00e9missions, sept provinces relevant de la r\u00e9gion (Youssoufia, Rehamna, Essaouira, El Kel\u00e2a des Sraghna, Chichaoua, Al Haouz et Safi) sont \u00ab\u00a0indemnes\u00a0\u00bb de tout cas de contamination au nouveau coronavirus.<\/p>\n<p>Le nombre des cas exclus apr\u00e8s des r\u00e9sultats n\u00e9gatifs d\u2019analyses effectu\u00e9es au laboratoire a atteint 26.281, alors que celui des d\u00e9c\u00e8s s\u2019est stabilis\u00e9 \u00e0 52, fait savoir la Direction R\u00e9gionale de la Sant\u00e9.<\/p>\n<p>Au niveau national, 27 nouveaux cas d\u2019infection au nouveau coronavirus ont \u00e9t\u00e9 confirm\u00e9s, portant \u00e0 8.030 le nombre total des cas de contamination jusqu\u2019\u00e0 vendredi \u00e0 10H00.<\/p>\n<p>Le nombre de cas gu\u00e9ris s\u2019\u00e9l\u00e8ve \u00e0 7.215 avec 20 nouvelles r\u00e9missions, alors que le nombre de d\u00e9c\u00e8s se maintient \u00e0 208 cas, selon les chiffres du minist\u00e8re de la Sant\u00e9.<\/p>\n<\/div>\n<p>Auteur: Meriem IGASS<br \/>\n<a href=\"http:\/\/www.mapmarrakech.ma\/fr\/covid-19-5-nouveaux-cas-confirmes-a-marrakech-safi-drs\/\">Cliquez ici pour lire l&rsquo;article depuis sa source.<\/a><\/p>\n","protected":false},"excerpt":{"rendered":"<p>Marrakech \u2013 Cinq nouveaux cas d\u2019infection au Covid-19 ont \u00e9t\u00e9 confirm\u00e9s au niveau de la r\u00e9gion de Marrakech-Safi, portant \u00e0 1.398 le nombre total des contaminations recens\u00e9es dans la r\u00e9gion depuis l\u2019apparition de la pand\u00e9mie jusqu\u2019\u00e0 vendredi \u00e0 10H00, dont 79 patients actuellement sous traitement. Ces cas sous traitement sont tous hospitalis\u00e9s au niveau de [&hellip;]<\/p>\n","protected":false},"author":1788,"featured_media":0,"comment_status":"closed","ping_status":"closed","sticky":false,"template":"","format":"standard","meta":{"fifu_image_url":"","fifu_image_alt":"","footnotes":""},"categories":[54,76],"tags":[],"class_list":["post-87950","post","type-post","status-publish","format-standard","hentry","category-maroc","category-regions"],"_links":{"self":[{"href":"https:\/\/linitiative.ca\/International\/wp-json\/wp\/v2\/posts\/87950","targetHints":{"allow":["GET"]}}],"collection":[{"href":"https:\/\/linitiative.ca\/International\/wp-json\/wp\/v2\/posts"}],"about":[{"href":"https:\/\/linitiative.ca\/International\/wp-json\/wp\/v2\/types\/post"}],"author":[{"embeddable":true,"href":"https:\/\/linitiative.ca\/International\/wp-json\/wp\/v2\/users\/1788"}],"replies":[{"embeddable":true,"href":"https:\/\/linitiative.ca\/International\/wp-json\/wp\/v2\/comments?post=87950"}],"version-history":[{"count":0,"href":"https:\/\/linitiative.ca\/International\/wp-json\/wp\/v2\/posts\/87950\/revisions"}],"wp:attachment":[{"href":"https:\/\/linitiative.ca\/International\/wp-json\/wp\/v2\/media?parent=87950"}],"wp:term":[{"taxonomy":"category","embeddable":true,"href":"https:\/\/linitiative.ca\/International\/wp-json\/wp\/v2\/categories?post=87950"},{"taxonomy":"post_tag","embeddable":true,"href":"https:\/\/linitiative.ca\/International\/wp-json\/wp\/v2\/tags?post=87950"}],"curies":[{"name":"wp","href":"https:\/\/api.w.org\/{rel}","templated":true}]}}