{"id":87954,"date":"2020-06-04T15:16:00","date_gmt":"2020-06-04T19:16:00","guid":{"rendered":"https:\/\/linitiative.ca\/International\/covid-19-un-seul-cas-actif-dans-la-region-de-loriental\/"},"modified":"2020-06-04T15:16:00","modified_gmt":"2020-06-04T19:16:00","slug":"covid-19-un-seul-cas-actif-dans-la-region-de-loriental","status":"publish","type":"post","link":"https:\/\/linitiative.ca\/International\/covid-19-un-seul-cas-actif-dans-la-region-de-loriental\/","title":{"rendered":"Covid-19: Un seul cas actif dans la r\u00e9gion de l\u2019Oriental"},"content":{"rendered":"<p class=\"c4\">La r\u00e9gion de l\u2019Oriental qui a enregistr\u00e9 son premier cas de contamination au nouveau coronavirus (Covid-19) le 17 mars dernier, a cumul\u00e9 un total de 178 gu\u00e9risons, \u00e0 la date du 4 juin, sur un total de 187 cas d\u2019infection dont huit d\u00e9c\u00e8s.<\/p>\n<p class=\"c4\">La r\u00e9gion de l\u2019Oriental ne compte ainsi qu\u2019un seul cas actif, signal\u00e9 le 29 mai dernier, et qui est sous traitement \u00e0 l\u2019h\u00f4pital provincial El Hassani de Nador, selon des donn\u00e9s de la Direction r\u00e9gionale de la Sant\u00e9 concernant l\u2019\u00e9volution de la pand\u00e9mie du Covid-19.<\/p>\n<p class=\"c4\">A rappeler que les 187 cas d\u2019infection d\u00e9tect\u00e9s depuis le d\u00e9but de la pand\u00e9mie ont \u00e9t\u00e9 enregistr\u00e9s au niveau de la pr\u00e9fecture d\u2019Oujda-Angad (70 cas), et des provinces de Berkane (46), Nador (43), Driouch (10), Taourirt (9), Guercif (8) et Figuig (1), alors qu\u2019aucun cas n\u2019a \u00e9t\u00e9 enregistr\u00e9 dans la province de Jerada.<\/p>\n<p class=\"c4\">Quant \u00e0 la r\u00e9partition g\u00e9ographique des cas de gu\u00e9rison (178), elle montre que la pr\u00e9fecture d\u2019Oujda-Angad a connu le plus grand nombre de r\u00e9missions avec un total de 64, suivie des provinces de Berkane (44), Nador (42), Driouch (10), Taourirt (09), Guercif (8) et Figuig (01).<\/p>\n<p class=\"c4\">Les huit cas de d\u00e9c\u00e8s ont \u00e9t\u00e9 enregistr\u00e9s aux niveaux de la pr\u00e9fecture d\u2019Oujda-Angad (6) et de la province de Berkane (2).<\/p>\n<p class=\"c4\">Ainsi, la pr\u00e9fecture d\u2019Oujda-Angad et les provinces de Berkane, Taourirt, Guercif, Driouch et Figuig ont r\u00e9ussi \u00e0 interrompre la cha\u00eene de transmission de la Covid-19.<\/p>\n<p class=\"c4\">Au niveau national, 81 nouveaux cas d\u2019infection au coronavirus (Covid-19) ont \u00e9t\u00e9 confirm\u00e9s au cours des derni\u00e8res 24 heures, portant \u00e0 8.003 le nombre total des cas de contamination, soit un taux de 22\/100.000 habitants, a annonc\u00e9 jeudi le minist\u00e8re de la Sant\u00e9.<\/p>\n<p class=\"c4\">Le nombre de morts est pass\u00e9 \u00e0 208, apr\u00e8s l\u2019annonce de deux nouveaux d\u00e9c\u00e8s (\u00e0 Guelmim et Rabat) au cours des derni\u00e8res 24 heures, a ajout\u00e9 la m\u00eame source, pr\u00e9cisant que 329 cas de gu\u00e9rison ont \u00e9t\u00e9 enregistr\u00e9s, portant \u00e0 7.195 le nombre total des gu\u00e9risons dans le Royaume, soit un taux de gu\u00e9rison de 90%, sup\u00e9rieur au taux mondial (48,3%) et au taux africain (43,9%).<\/p>\n<p>Auteur: Soufiane ELAHMAR<br \/>\n<a href=\"http:\/\/www.mapoujda.ma\/fr\/covid-19-un-seul-cas-actif-dans-la-region-de-loriental\/\">Cliquez ici pour lire l&rsquo;article depuis sa source.<\/a><\/p>\n","protected":false},"excerpt":{"rendered":"<p>La r\u00e9gion de l\u2019Oriental qui a enregistr\u00e9 son premier cas de contamination au nouveau coronavirus (Covid-19) le 17 mars dernier, a cumul\u00e9 un total de 178 gu\u00e9risons, \u00e0 la date du 4 juin, sur un total de 187 cas d\u2019infection dont huit d\u00e9c\u00e8s. La r\u00e9gion de l\u2019Oriental ne compte ainsi qu\u2019un seul cas actif, signal\u00e9 [&hellip;]<\/p>\n","protected":false},"author":1788,"featured_media":0,"comment_status":"closed","ping_status":"closed","sticky":false,"template":"","format":"standard","meta":{"fifu_image_url":"","fifu_image_alt":"","footnotes":""},"categories":[54,76],"tags":[],"class_list":["post-87954","post","type-post","status-publish","format-standard","hentry","category-maroc","category-regions"],"_links":{"self":[{"href":"https:\/\/linitiative.ca\/International\/wp-json\/wp\/v2\/posts\/87954","targetHints":{"allow":["GET"]}}],"collection":[{"href":"https:\/\/linitiative.ca\/International\/wp-json\/wp\/v2\/posts"}],"about":[{"href":"https:\/\/linitiative.ca\/International\/wp-json\/wp\/v2\/types\/post"}],"author":[{"embeddable":true,"href":"https:\/\/linitiative.ca\/International\/wp-json\/wp\/v2\/users\/1788"}],"replies":[{"embeddable":true,"href":"https:\/\/linitiative.ca\/International\/wp-json\/wp\/v2\/comments?post=87954"}],"version-history":[{"count":0,"href":"https:\/\/linitiative.ca\/International\/wp-json\/wp\/v2\/posts\/87954\/revisions"}],"wp:attachment":[{"href":"https:\/\/linitiative.ca\/International\/wp-json\/wp\/v2\/media?parent=87954"}],"wp:term":[{"taxonomy":"category","embeddable":true,"href":"https:\/\/linitiative.ca\/International\/wp-json\/wp\/v2\/categories?post=87954"},{"taxonomy":"post_tag","embeddable":true,"href":"https:\/\/linitiative.ca\/International\/wp-json\/wp\/v2\/tags?post=87954"}],"curies":[{"name":"wp","href":"https:\/\/api.w.org\/{rel}","templated":true}]}}