{"id":87957,"date":"2020-06-05T10:28:24","date_gmt":"2020-06-05T14:28:24","guid":{"rendered":"https:\/\/linitiative.ca\/International\/le-groupe-scolaire-la-residence-innove-en-matiere-dorientation-de-ses-eleves-en-organisant-son-premier-forum-virtuel-des-metiers-2020\/"},"modified":"2020-06-05T10:28:24","modified_gmt":"2020-06-05T14:28:24","slug":"le-groupe-scolaire-la-residence-innove-en-matiere-dorientation-de-ses-eleves-en-organisant-son-premier-forum-virtuel-des-metiers-2020","status":"publish","type":"post","link":"https:\/\/linitiative.ca\/International\/le-groupe-scolaire-la-residence-innove-en-matiere-dorientation-de-ses-eleves-en-organisant-son-premier-forum-virtuel-des-metiers-2020\/","title":{"rendered":"Le Groupe Scolaire La R\u00e9sidence innove en mati\u00e8re d\u2019orientation de ses \u00e9l\u00e8ves en organisant son premier Forum virtuel des M\u00e9tiers 2020 !"},"content":{"rendered":"<div class=\"dnd-atom-wrapper type-image context-sdl_editor_representation\" contenteditable=\"false\">\n<div class=\"dnd-drop-wrapper\">\n<div class=\"image\"><img loading=\"lazy\" decoding=\"async\" typeof=\"foaf:Image\" class=\"img-responsive\" src=\"https:\/\/www.leconomiste.com\/sites\/default\/files\/eco7\/public\/thumbnails\/image\/residence_tt.jpg\" width=\"660\" height=\"330\" alt=\"residence_tt.jpg\" title=\"residence_tt.jpg\"\/><\/div>\n<\/div>\n<\/div>\n<p><span><strong>L<\/strong><\/span>e contexte mondial actuel a incit\u00e9 le Groupe Scolaire La R\u00e9sidence \u00e0 organiser, pour sa 4\u00e8me \u00e9dition, un Forum des m\u00e9tiers 100% virtuel.<\/p>\n<p><strong>Cet \u00e9v\u00e9nement se d\u00e9roulera en ligne ce samedi 06 juin de 9h \u00e0 13h <\/strong><\/p>\n<p>Le Forum des m\u00e9tiers est devenu un \u00e9v\u00e9nement annuel incontournable dans le parcours de l\u2019\u00e9ducation \u00e0 l\u2019orientation des \u00e9l\u00e8ves de 3\u00e8me et de 2nd \/TC du GSR. Outre l\u2019aspect in\u00e9dit d\u2019un Forum virtuel, cette 4\u00e8me \u00e9dition a gagn\u00e9 en maturit\u00e9 et se veut r\u00e9solument tourn\u00e9e vers l\u2019international. La participation de plusieurs anciens du Groupe Scolaire La R\u00e9sidence ainsi que d\u2019autres professionnels (parents d\u2019\u00e9l\u00e8ves, membres de l\u2019\u00e9quipe et partenaires) qui aujourd\u2019hui rayonnent aussi bien au Maroc, en France, au Canada, au Luxembourg qu\u2019en Espagne\u2026et qui ont accept\u00e9 de partager leurs exp\u00e9riences et leurs parcours acad\u00e9mique avec les \u00e9l\u00e8ves de notre \u00e9tablissement. Cette \u00e9dition verra \u00e9galement la participation d\u2019un premier parrain Ex-GSRoi au parcours brillant qui partagera avec nous sa riche exp\u00e9rience professionnelle.<\/p>\n<p><strong>Une 4\u00e8me \u00e9dition in\u00e9dite <\/strong><\/p>\n<p>Pour Madame Nawal HEFIRI, Directrice G\u00e9n\u00e9rale du GSR, et ses \u00e9quipes \u00ab Cette 4\u00e8me \u00e9dition in\u00e9dite est d\u2019abord un challenge qui met \u00e0 contribution une \u00e9quipe pluridisciplinaire experte et un bureau des jeunes reporters tr\u00e8s actif, que je remercie au passage, pour maintenir cette tradition qu\u2019est le forum des m\u00e9tiers et surtout la mener \u00e0 la r\u00e9ussite dans un contexte in\u00e9dit. En effet, nous avions \u00e9t\u00e9 amen\u00e9s \u00e0 repenser tout l\u2019\u00e9v\u00e8nement dans sa globalit\u00e9 car nous avons \u00e0 c\u0153ur l\u2019orientation de nos \u00e9l\u00e8ves et leur avenir se dessine d\u00e8s aujourd\u2019hui et se construit dans le temps. Notre r\u00f4le majeur est donc de les accompagner tout le long de leur processus de r\u00e9flexion. A ce titre, cela a \u00e9t\u00e9 pour nous une \u00e9vidence, d\u2019associer \u00e0 cette \u00e9dition non seulement tous les membres de notre communaut\u00e9 scolaire, en particulier les parents d\u2019\u00e9l\u00e8ves, mais \u00e9galement un parrain, ancien GSRois en activit\u00e9 liant plusieurs pays d\u2019Afrique, d\u2019Europe et d\u2019Am\u00e9rique du Nord ainsi que des anciens gsrois op\u00e9rant dans le monde \u00bb.<\/p>\n<p>Plus de 20 m\u00e9tiers seront repr\u00e9sent\u00e9s cette ann\u00e9e. Il y aura entre autres, la sant\u00e9, le transport et logistique, la Recherche, la communication, le juridique, l\u2019enseignement, le BTP, l\u2019a\u00e9ronautique\u2026. pour ne citer que ceux-l\u00e0. Au programme, plusieurs ateliers au cours desquels les \u00e9l\u00e8ves pourront \u00e9changer avec les professionnels et participer \u00e0 une conf\u00e9rence donn\u00e9e par le Parrain de l\u2019\u00e9v\u00e9nement dont la th\u00e9matique est plus que jamais d\u2019actualit\u00e9 : \u00ab La mentalit\u00e9 de croissance : une des cl\u00e9s de la r\u00e9ussite \u00bb. Tout est mis en \u0153uvre pour garantir le succ\u00e8s de cette \u00e9dition exceptionnelle.<\/p>\n<p>Les organisateurs nourrissent beaucoup d\u2019ambitions pour ce Forum qui vise quatre grands objectifs. Tout d\u2019abord celui de l\u2019\u00e9change avec des intervenants professionnels au sujet de leurs parcours de vie (acad\u00e9mique et professionnel). Ainsi, les jeunes pourront s\u2019en inspirer pour r\u00e9aliser leurs r\u00eaves dans la construction de leur cheminement professionnel. D\u2019o\u00f9 le slogan \u2018\u2019<strong>You can become whatever you want !<\/strong>\u2019\u2019 Ensuite la prise de conscience de la n\u00e9cessit\u00e9 de constituer d\u00e8s maintenant un r\u00e9seau relationnel qui sera tr\u00e8s utile plus tard et celui, d\u2019\u00e9changer avec les Alumni du GSR pour s\u2019informer sur ce qu\u2019ils sont devenus aujourd\u2019hui. Et enfin, la d\u00e9couverte \u00e0 travers la conf\u00e9rence virtuelle des diff\u00e9rents m\u00e9tiers d\u2019avenir.<\/p>\n<p><strong>Une communaut\u00e9 forte, d\u00e9termin\u00e9e et pleinement engag\u00e9e dans la r\u00e9ussite de ses \u00e9l\u00e8ves ! <\/strong><\/p>\n<p><strong>Rendez-vous ce Samedi 6 Juin 2020 pour un Forum des m\u00e9tiers virtuel et in\u00e9dit organis\u00e9 par le Groupe scolaire La R\u00e9sidence.\u00a0<\/strong><\/p>\n<p class=\"rteright\"><span>Publi-r\u00e9dactionnel<\/span><\/p>\n<p class=\"rteright\">\u00a0<\/p>\n<p>Auteur: mbasraoui<br \/>\n<a href=\"https:\/\/www.leconomiste.com\/article\/1062916-le-groupe-scolaire-la-residence-innove-en-matiere-d-orientation-de-ses-eleves-en\">Cliquez ici pour lire l&rsquo;article depuis sa source.<\/a><\/p>\n","protected":false},"excerpt":{"rendered":"<p>Le contexte mondial actuel a incit\u00e9 le Groupe Scolaire La R\u00e9sidence \u00e0 organiser, pour sa 4\u00e8me \u00e9dition, un Forum des m\u00e9tiers 100% virtuel. Cet \u00e9v\u00e9nement se d\u00e9roulera en ligne ce samedi 06 juin de 9h \u00e0 13h Le Forum des m\u00e9tiers est devenu un \u00e9v\u00e9nement annuel incontournable dans le parcours de l\u2019\u00e9ducation \u00e0 l\u2019orientation des [&hellip;]<\/p>\n","protected":false},"author":1763,"featured_media":87958,"comment_status":"closed","ping_status":"closed","sticky":false,"template":"","format":"standard","meta":{"fifu_image_url":"","fifu_image_alt":"","footnotes":""},"categories":[78,54],"tags":[],"class_list":["post-87957","post","type-post","status-publish","format-standard","has-post-thumbnail","hentry","category-economie","category-maroc"],"_links":{"self":[{"href":"https:\/\/linitiative.ca\/International\/wp-json\/wp\/v2\/posts\/87957","targetHints":{"allow":["GET"]}}],"collection":[{"href":"https:\/\/linitiative.ca\/International\/wp-json\/wp\/v2\/posts"}],"about":[{"href":"https:\/\/linitiative.ca\/International\/wp-json\/wp\/v2\/types\/post"}],"author":[{"embeddable":true,"href":"https:\/\/linitiative.ca\/International\/wp-json\/wp\/v2\/users\/1763"}],"replies":[{"embeddable":true,"href":"https:\/\/linitiative.ca\/International\/wp-json\/wp\/v2\/comments?post=87957"}],"version-history":[{"count":0,"href":"https:\/\/linitiative.ca\/International\/wp-json\/wp\/v2\/posts\/87957\/revisions"}],"wp:featuredmedia":[{"embeddable":true,"href":"https:\/\/linitiative.ca\/International\/wp-json\/"}],"wp:attachment":[{"href":"https:\/\/linitiative.ca\/International\/wp-json\/wp\/v2\/media?parent=87957"}],"wp:term":[{"taxonomy":"category","embeddable":true,"href":"https:\/\/linitiative.ca\/International\/wp-json\/wp\/v2\/categories?post=87957"},{"taxonomy":"post_tag","embeddable":true,"href":"https:\/\/linitiative.ca\/International\/wp-json\/wp\/v2\/tags?post=87957"}],"curies":[{"name":"wp","href":"https:\/\/api.w.org\/{rel}","templated":true}]}}